{"id":7223,"date":"2022-06-21T11:32:03","date_gmt":"2022-06-21T09:32:03","guid":{"rendered":"https:\/\/agora.xtec.cat\/escolamestralvilanova\/?p=7223"},"modified":"2022-06-21T12:01:13","modified_gmt":"2022-06-21T10:01:13","slug":"estrena-la-volta-al-mon-en-80-dies","status":"publish","type":"post","link":"https:\/\/agora.xtec.cat\/escolamestralvilanova\/portada\/estrena-la-volta-al-mon-en-80-dies\/","title":{"rendered":"GRAN ESTRENA! LA VOLTA AL M\u00d3N EN 80 DIES"},"content":{"rendered":"<p style=\"text-align: justify;\">Avui \u00e9s un gran dia pels alumnes de sis\u00e8 de l&#8217;escola, avui estrenem la pel\u00b7l\u00edcula &#8220;La volta al m\u00f3n en 80 dies&#8221; gravada \u00a0durant el primer trimestre tot utilitzant la t\u00e8cnica cinematogr\u00e0fica del croma.<\/p>\n<p style=\"text-align: justify;\">A l&#8217;igual que en els darrers cursos, durant el primer trimestre tota l&#8217;escola ha treballat un mateix llibre de lectura, d&#8217;aquesta manera, a partir del llibre &#8220;La volta al m\u00f3n en 80 dies&#8221; de Jule Verne, els alumnes de sis\u00e8 han realitzat un treball que ha concl\u00f2s amb la gravaci\u00f3 d&#8217;una pel\u00b7l\u00edula.<\/p>\n<p style=\"text-align: justify;\">Degut a les circumst\u00e0ncies que ens van acompanyar en els darrers dies del primer trimestre, no hem pogut fer la seva estrena fins al dia d&#8217;avui.<\/p>\n<p style=\"text-align: justify;\">Esperem que us agradi!<\/p>\n<ul>\n<li><a href=\"https:\/\/drive.google.com\/file\/d\/1pr2GkLblrglJGA4OvkHcfnqyStdgVa7O\/view?usp=sharing\">ENLLA\u00c7 A LA PEL\u00b7L\u00cdCULA<\/a><\/li>\n<\/ul>\n<p><a href=\"https:\/\/drive.google.com\/file\/d\/1pr2GkLblrglJGA4OvkHcfnqyStdgVa7O\/view?usp=sharing\"><img loading=\"lazy\" decoding=\"async\" class=\"alignnone size-medium wp-image-7225\" src=\"https:\/\/agora.xtec.cat\/escolamestralvilanova\/wp-content\/uploads\/usu729\/2022\/06\/Captura-de-Pantalla-2022-06-21-a-les-7.41.41-300x168.png\" alt=\"\" width=\"300\" height=\"168\" srcset=\"https:\/\/agora.xtec.cat\/escolamestralvilanova\/wp-content\/uploads\/usu729\/2022\/06\/Captura-de-Pantalla-2022-06-21-a-les-7.41.41-300x168.png 300w, https:\/\/agora.xtec.cat\/escolamestralvilanova\/wp-content\/uploads\/usu729\/2022\/06\/Captura-de-Pantalla-2022-06-21-a-les-7.41.41-768x431.png 768w, https:\/\/agora.xtec.cat\/escolamestralvilanova\/wp-content\/uploads\/usu729\/2022\/06\/Captura-de-Pantalla-2022-06-21-a-les-7.41.41.png 1000w\" sizes=\"auto, (max-width: 300px) 100vw, 300px\" \/><\/a><\/p>\n<p style=\"text-align: justify;\">Tamb\u00e9, del treball de la pel\u00b7l\u00edcula, els alumnes de sis\u00e8 van elaborar un cartell, entre tots i totes, l&#8217;escollit \u00e9s el seg\u00fcent:<\/p>\n<p><a href=\"https:\/\/agora.xtec.cat\/escolamestralvilanova\/wp-content\/uploads\/usu729\/2022\/06\/Anadir-un-titulo-1.jpg\"><img loading=\"lazy\" decoding=\"async\" class=\"alignnone wp-image-7224 size-medium\" src=\"https:\/\/agora.xtec.cat\/escolamestralvilanova\/wp-content\/uploads\/usu729\/2022\/06\/Anadir-un-titulo-1-212x300.jpg\" alt=\"\" width=\"212\" height=\"300\" srcset=\"https:\/\/agora.xtec.cat\/escolamestralvilanova\/wp-content\/uploads\/usu729\/2022\/06\/Anadir-un-titulo-1-212x300.jpg 212w, https:\/\/agora.xtec.cat\/escolamestralvilanova\/wp-content\/uploads\/usu729\/2022\/06\/Anadir-un-titulo-1-724x1024.jpg 724w, https:\/\/agora.xtec.cat\/escolamestralvilanova\/wp-content\/uploads\/usu729\/2022\/06\/Anadir-un-titulo-1-768x1086.jpg 768w, https:\/\/agora.xtec.cat\/escolamestralvilanova\/wp-content\/uploads\/usu729\/2022\/06\/Anadir-un-titulo-1-1086x1536.jpg 1086w, https:\/\/agora.xtec.cat\/escolamestralvilanova\/wp-content\/uploads\/usu729\/2022\/06\/Anadir-un-titulo-1-1448x2048.jpg 1448w, https:\/\/agora.xtec.cat\/escolamestralvilanova\/wp-content\/uploads\/usu729\/2022\/06\/Anadir-un-titulo-1.jpg 1587w\" sizes=\"auto, (max-width: 212px) 100vw, 212px\" \/><\/a><\/p>\n","protected":false},"excerpt":{"rendered":"<p>Avui \u00e9s un gran dia pels alumnes de sis\u00e8 de l&#8217;escola, avui estrenem la pel\u00b7l\u00edcula &#8220;La volta al m\u00f3n en 80 dies&#8221; gravada \u00a0durant el primer trimestre tot utilitzant la t\u00e8cnica cinematogr\u00e0fica del croma.<br \/>\nA l&#8217;igual que en els darrers cursos, durant el primer trimestre tota&hellip;  <a href=\"https:\/\/agora.xtec.cat\/escolamestralvilanova\/portada\/estrena-la-volta-al-mon-en-80-dies\/\" title=\"Read GRAN ESTRENA! LA VOLTA AL M\u00d3N EN 80 DIES\">Llegeix m\u00e9s\u00bb<\/a><\/p>\n","protected":false},"author":1,"featured_media":0,"comment_status":"open","ping_status":"closed","sticky":false,"template":"","format":"standard","meta":{"_bbp_topic_count":0,"_bbp_reply_count":0,"_bbp_total_topic_count":0,"_bbp_total_reply_count":0,"_bbp_voice_count":0,"_bbp_anonymous_reply_count":0,"_bbp_topic_count_hidden":0,"_bbp_reply_count_hidden":0,"_bbp_forum_subforum_count":0,"footnotes":""},"categories":[15,4,5],"tags":[],"class_list":["post-7223","post","type-post","status-publish","format-standard","hentry","category-cicle-superior","category-portada","category-primaria"],"post_mailing_queue_ids":[],"_links":{"self":[{"href":"https:\/\/agora.xtec.cat\/escolamestralvilanova\/wp-json\/wp\/v2\/posts\/7223","targetHints":{"allow":["GET"]}}],"collection":[{"href":"https:\/\/agora.xtec.cat\/escolamestralvilanova\/wp-json\/wp\/v2\/posts"}],"about":[{"href":"https:\/\/agora.xtec.cat\/escolamestralvilanova\/wp-json\/wp\/v2\/types\/post"}],"author":[{"embeddable":true,"href":"https:\/\/agora.xtec.cat\/escolamestralvilanova\/wp-json\/wp\/v2\/users\/1"}],"replies":[{"embeddable":true,"href":"https:\/\/agora.xtec.cat\/escolamestralvilanova\/wp-json\/wp\/v2\/comments?post=7223"}],"version-history":[{"count":3,"href":"https:\/\/agora.xtec.cat\/escolamestralvilanova\/wp-json\/wp\/v2\/posts\/7223\/revisions"}],"predecessor-version":[{"id":7229,"href":"https:\/\/agora.xtec.cat\/escolamestralvilanova\/wp-json\/wp\/v2\/posts\/7223\/revisions\/7229"}],"wp:attachment":[{"href":"https:\/\/agora.xtec.cat\/escolamestralvilanova\/wp-json\/wp\/v2\/media?parent=7223"}],"wp:term":[{"taxonomy":"category","embeddable":true,"href":"https:\/\/agora.xtec.cat\/escolamestralvilanova\/wp-json\/wp\/v2\/categories?post=7223"},{"taxonomy":"post_tag","embeddable":true,"href":"https:\/\/agora.xtec.cat\/escolamestralvilanova\/wp-json\/wp\/v2\/tags?post=7223"}],"curies":[{"name":"wp","href":"https:\/\/api.w.org\/{rel}","templated":true}]}}