{"id":7215,"date":"2022-06-20T09:05:50","date_gmt":"2022-06-20T07:05:50","guid":{"rendered":"https:\/\/agora.xtec.cat\/escolamestralvilanova\/?p=7215"},"modified":"2022-06-22T08:03:04","modified_gmt":"2022-06-22T06:03:04","slug":"orles-sise-4","status":"publish","type":"post","link":"https:\/\/agora.xtec.cat\/escolamestralvilanova\/portada\/orles-sise-4\/","title":{"rendered":"ORLES SIS\u00c8"},"content":{"rendered":"<p style=\"text-align: justify;\">El passat divendres 17 de juny, es va dur a terme l\u2019acte d\u2019acomiadament dels i les alumnes de sis\u00e8 curs.<\/p>\n<blockquote>\n<p style=\"text-align: justify;\">Despr\u00e9s de nou anys a l\u2019escola ha arribat el moment de comen\u00e7ar una nova etapa,\u00a0 \u00e9s temps per valorar el bon cam\u00ed que heu fet plegats i la motxilla plena de viv\u00e8ncies, de descobertes, de participaci\u00f3, d\u2019opinions, d\u2019aprenentatges que us emporteu de la vostra estada a l\u2019escola Mestral, la vostra estimada escola que sempre recordareu i que sempre us tindr\u00e0 les portes obertes.<\/p>\n<\/blockquote>\n<p style=\"text-align: justify;\">De cara al futur us desitgem molta i molta sort. L\u2019escola Mestral sempre ser\u00e0 la vostra escola.<\/p>\n<ul>\n<li><a href=\"https:\/\/drive.google.com\/file\/d\/1NudxY3dy5ApmNt_yoR6jIn84Phbq4vmP\/view?usp=sharing\">V\u00cdDEO DE LES ORLES<\/a><\/li>\n<li><a href=\"https:\/\/photos.app.goo.gl\/EGfkeeJqQwbbX1z56\">ENLLA\u00c7 A LES FOTOGRAFIES DE L&#8217;ACTE<\/a><\/li>\n<\/ul>\n<p><strong>RECULL FOTOGRAFIES DE LES ORLES:<\/strong><\/p>\n<table style=\"border-collapse: collapse; width: 99.4581255629139%; height: 154px;\" border=\"1\">\n<tbody>\n<tr style=\"height: 30px;\">\n<td style=\"width: 50%; text-align: center; height: 30px;\"><a href=\"https:\/\/photos.app.goo.gl\/A2kfWs2eGRTZhSRR7\">EI3<\/a><\/td>\n<td style=\"width: 50%; text-align: center; height: 30px;\"><a href=\"https:\/\/photos.app.goo.gl\/AEmwekB4dcXnxCLq9\">EI4<\/a><\/td>\n<\/tr>\n<tr style=\"height: 31px;\">\n<td style=\"width: 50%; text-align: center; height: 31px;\"><a href=\"https:\/\/photos.app.goo.gl\/G4Y8wzvohkwNAtDX7\">EI5<\/a><\/td>\n<td style=\"width: 50%; text-align: center; height: 31px;\"><a href=\"https:\/\/photos.app.goo.gl\/8dkkFzn2nHsuxveh7\">PRIMER<\/a><\/td>\n<\/tr>\n<tr style=\"height: 31px;\">\n<td style=\"width: 50%; text-align: center; height: 31px;\"><a href=\"https:\/\/photos.app.goo.gl\/qNgP6oKf5gtnoarm8\">SEGON<\/a><\/td>\n<td style=\"width: 50%; text-align: center; height: 31px;\"><a href=\"https:\/\/photos.app.goo.gl\/fG5iiXnQZHDhuCsd6\">TERCER<\/a><\/td>\n<\/tr>\n<tr style=\"height: 31px;\">\n<td style=\"width: 50%; text-align: center; height: 31px;\"><a href=\"https:\/\/photos.app.goo.gl\/k9u1gUYhRcbiGPH16\">QUART<\/a><\/td>\n<td style=\"width: 50%; text-align: center; height: 31px;\"><a href=\"https:\/\/photos.app.goo.gl\/R3ETRMoULKGjk9cP7\">CINQU\u00c8<\/a><\/td>\n<\/tr>\n<tr style=\"height: 31px;\">\n<td style=\"width: 50%; text-align: center; height: 31px;\"><a href=\"https:\/\/photos.app.goo.gl\/tb7U9yeUC6gqbk8dA\">SIS\u00c8<\/a><\/td>\n<td style=\"width: 50%; text-align: center; height: 31px;\"><\/td>\n<\/tr>\n<\/tbody>\n<\/table>\n<p>&nbsp;<\/p>\n<p><a href=\"https:\/\/agora.xtec.cat\/escolamestralvilanova\/wp-content\/uploads\/usu729\/2022\/06\/0CBB9B32-EA6D-4734-96E6-D154CFF29151.jpeg\"><img loading=\"lazy\" decoding=\"async\" class=\"alignnone wp-image-7216 size-medium\" src=\"https:\/\/agora.xtec.cat\/escolamestralvilanova\/wp-content\/uploads\/usu729\/2022\/06\/0CBB9B32-EA6D-4734-96E6-D154CFF29151-240x300.jpeg\" alt=\"\" width=\"240\" height=\"300\" srcset=\"https:\/\/agora.xtec.cat\/escolamestralvilanova\/wp-content\/uploads\/usu729\/2022\/06\/0CBB9B32-EA6D-4734-96E6-D154CFF29151-240x300.jpeg 240w, https:\/\/agora.xtec.cat\/escolamestralvilanova\/wp-content\/uploads\/usu729\/2022\/06\/0CBB9B32-EA6D-4734-96E6-D154CFF29151-819x1024.jpeg 819w, https:\/\/agora.xtec.cat\/escolamestralvilanova\/wp-content\/uploads\/usu729\/2022\/06\/0CBB9B32-EA6D-4734-96E6-D154CFF29151-768x960.jpeg 768w, https:\/\/agora.xtec.cat\/escolamestralvilanova\/wp-content\/uploads\/usu729\/2022\/06\/0CBB9B32-EA6D-4734-96E6-D154CFF29151.jpeg 1000w\" sizes=\"auto, (max-width: 240px) 100vw, 240px\" \/><\/a><\/p>\n","protected":false},"excerpt":{"rendered":"<p>El passat divendres 17 de juny, es va dur a terme l\u2019acte d\u2019acomiadament dels i les alumnes de sis\u00e8 curs.<\/p>\n<p>Despr\u00e9s de nou anys a l\u2019escola ha arribat el moment de comen\u00e7ar una nova etapa,\u00a0 \u00e9s temps per valorar el bon cam\u00ed que heu fet plegats&hellip;  <a href=\"https:\/\/agora.xtec.cat\/escolamestralvilanova\/portada\/orles-sise-4\/\" title=\"Read ORLES SIS\u00c8\">Llegeix m\u00e9s\u00bb<\/a><\/p>\n","protected":false},"author":1,"featured_media":0,"comment_status":"open","ping_status":"closed","sticky":false,"template":"","format":"standard","meta":{"_bbp_topic_count":0,"_bbp_reply_count":0,"_bbp_total_topic_count":0,"_bbp_total_reply_count":0,"_bbp_voice_count":0,"_bbp_anonymous_reply_count":0,"_bbp_topic_count_hidden":0,"_bbp_reply_count_hidden":0,"_bbp_forum_subforum_count":0,"footnotes":""},"categories":[15,4,5],"tags":[],"class_list":["post-7215","post","type-post","status-publish","format-standard","hentry","category-cicle-superior","category-portada","category-primaria"],"post_mailing_queue_ids":[],"_links":{"self":[{"href":"https:\/\/agora.xtec.cat\/escolamestralvilanova\/wp-json\/wp\/v2\/posts\/7215","targetHints":{"allow":["GET"]}}],"collection":[{"href":"https:\/\/agora.xtec.cat\/escolamestralvilanova\/wp-json\/wp\/v2\/posts"}],"about":[{"href":"https:\/\/agora.xtec.cat\/escolamestralvilanova\/wp-json\/wp\/v2\/types\/post"}],"author":[{"embeddable":true,"href":"https:\/\/agora.xtec.cat\/escolamestralvilanova\/wp-json\/wp\/v2\/users\/1"}],"replies":[{"embeddable":true,"href":"https:\/\/agora.xtec.cat\/escolamestralvilanova\/wp-json\/wp\/v2\/comments?post=7215"}],"version-history":[{"count":2,"href":"https:\/\/agora.xtec.cat\/escolamestralvilanova\/wp-json\/wp\/v2\/posts\/7215\/revisions"}],"predecessor-version":[{"id":7243,"href":"https:\/\/agora.xtec.cat\/escolamestralvilanova\/wp-json\/wp\/v2\/posts\/7215\/revisions\/7243"}],"wp:attachment":[{"href":"https:\/\/agora.xtec.cat\/escolamestralvilanova\/wp-json\/wp\/v2\/media?parent=7215"}],"wp:term":[{"taxonomy":"category","embeddable":true,"href":"https:\/\/agora.xtec.cat\/escolamestralvilanova\/wp-json\/wp\/v2\/categories?post=7215"},{"taxonomy":"post_tag","embeddable":true,"href":"https:\/\/agora.xtec.cat\/escolamestralvilanova\/wp-json\/wp\/v2\/tags?post=7215"}],"curies":[{"name":"wp","href":"https:\/\/api.w.org\/{rel}","templated":true}]}}