{"id":7162,"date":"2022-06-03T18:09:47","date_gmt":"2022-06-03T16:09:47","guid":{"rendered":"https:\/\/agora.xtec.cat\/escolamestralvilanova\/?p=7162"},"modified":"2022-06-04T09:37:52","modified_gmt":"2022-06-04T07:37:52","slug":"sortida-a-st-llorenc-de-montagi","status":"publish","type":"post","link":"https:\/\/agora.xtec.cat\/escolamestralvilanova\/infantil\/sortida-a-st-llorenc-de-montagi\/","title":{"rendered":"SORTIDA A ST.LLOREN\u00c7 DE MONTAGI"},"content":{"rendered":"<p style=\"text-align: justify;\">Avui, per tal d&#8217;acomiadar el curs, els nens i nenes de l&#8217;escola hem realitzat una sortida al c\u00e0mping &#8220;La Noguera&#8221;.<\/p>\n<p style=\"text-align: justify;\">Hem pogut compartir una molt bona estona plegat al temps que hem realitzat activitats l\u00fadiques \u00a0i refrescants.<\/p>\n<p style=\"text-align: justify;\">Els alumnes de Cicle Superior, a m\u00e9s a m\u00e9s, hem anat en tren i ha estat tot una experi\u00e8ncia que ens agradaria repetir!<\/p>\n<ul>\n<li><a href=\"https:\/\/photos.app.goo.gl\/ttNKTW5nsPNTib7A9\">ENLLA\u00c7 A LES FOTOGRAFIES<\/a><\/li>\n<\/ul>\n<p><a href=\"https:\/\/photos.app.goo.gl\/ttNKTW5nsPNTib7A9\"><img loading=\"lazy\" decoding=\"async\" class=\"alignnone size-medium wp-image-7163\" src=\"https:\/\/agora.xtec.cat\/escolamestralvilanova\/wp-content\/uploads\/usu729\/2022\/06\/38ff43e6-3b01-4f0e-895f-84041b185950-300x139.jpg\" alt=\"\" width=\"300\" height=\"139\" srcset=\"https:\/\/agora.xtec.cat\/escolamestralvilanova\/wp-content\/uploads\/usu729\/2022\/06\/38ff43e6-3b01-4f0e-895f-84041b185950-300x139.jpg 300w, https:\/\/agora.xtec.cat\/escolamestralvilanova\/wp-content\/uploads\/usu729\/2022\/06\/38ff43e6-3b01-4f0e-895f-84041b185950-768x355.jpg 768w, https:\/\/agora.xtec.cat\/escolamestralvilanova\/wp-content\/uploads\/usu729\/2022\/06\/38ff43e6-3b01-4f0e-895f-84041b185950.jpg 1000w\" sizes=\"auto, (max-width: 300px) 100vw, 300px\" \/><\/a><\/p>\n","protected":false},"excerpt":{"rendered":"<p>Avui, per tal d&#8217;acomiadar el curs, els nens i nenes de l&#8217;escola hem realitzat una sortida al c\u00e0mping &#8220;La Noguera&#8221;.<br \/>\nHem pogut compartir una molt bona estona plegat al temps que hem realitzat activitats l\u00fadiques \u00a0i refrescants.<br \/>\nEls alumnes de Cicle Superior, a m\u00e9s a m\u00e9s, hem&hellip;  <a href=\"https:\/\/agora.xtec.cat\/escolamestralvilanova\/infantil\/sortida-a-st-llorenc-de-montagi\/\" title=\"Read SORTIDA A ST.LLOREN\u00c7 DE MONTAGI\">Llegeix m\u00e9s\u00bb<\/a><\/p>\n","protected":false},"author":1,"featured_media":0,"comment_status":"open","ping_status":"closed","sticky":false,"template":"","format":"standard","meta":{"_bbp_topic_count":0,"_bbp_reply_count":0,"_bbp_total_topic_count":0,"_bbp_total_reply_count":0,"_bbp_voice_count":0,"_bbp_anonymous_reply_count":0,"_bbp_topic_count_hidden":0,"_bbp_reply_count_hidden":0,"_bbp_forum_subforum_count":0,"footnotes":""},"categories":[13,11,12,15,3,8,10,2,4,5],"tags":[],"class_list":["post-7162","post","type-post","status-publish","format-standard","hentry","category-cinque","category-cicle-inicial","category-tercer-quart","category-cicle-superior","category-ei3-ei4-ei5","category-ei4","category-ei5-primer","category-infantil","category-portada","category-primaria"],"post_mailing_queue_ids":[],"_links":{"self":[{"href":"https:\/\/agora.xtec.cat\/escolamestralvilanova\/wp-json\/wp\/v2\/posts\/7162","targetHints":{"allow":["GET"]}}],"collection":[{"href":"https:\/\/agora.xtec.cat\/escolamestralvilanova\/wp-json\/wp\/v2\/posts"}],"about":[{"href":"https:\/\/agora.xtec.cat\/escolamestralvilanova\/wp-json\/wp\/v2\/types\/post"}],"author":[{"embeddable":true,"href":"https:\/\/agora.xtec.cat\/escolamestralvilanova\/wp-json\/wp\/v2\/users\/1"}],"replies":[{"embeddable":true,"href":"https:\/\/agora.xtec.cat\/escolamestralvilanova\/wp-json\/wp\/v2\/comments?post=7162"}],"version-history":[{"count":3,"href":"https:\/\/agora.xtec.cat\/escolamestralvilanova\/wp-json\/wp\/v2\/posts\/7162\/revisions"}],"predecessor-version":[{"id":7171,"href":"https:\/\/agora.xtec.cat\/escolamestralvilanova\/wp-json\/wp\/v2\/posts\/7162\/revisions\/7171"}],"wp:attachment":[{"href":"https:\/\/agora.xtec.cat\/escolamestralvilanova\/wp-json\/wp\/v2\/media?parent=7162"}],"wp:term":[{"taxonomy":"category","embeddable":true,"href":"https:\/\/agora.xtec.cat\/escolamestralvilanova\/wp-json\/wp\/v2\/categories?post=7162"},{"taxonomy":"post_tag","embeddable":true,"href":"https:\/\/agora.xtec.cat\/escolamestralvilanova\/wp-json\/wp\/v2\/tags?post=7162"}],"curies":[{"name":"wp","href":"https:\/\/api.w.org\/{rel}","templated":true}]}}