{"id":7149,"date":"2022-06-01T16:29:32","date_gmt":"2022-06-01T14:29:32","guid":{"rendered":"https:\/\/agora.xtec.cat\/escolamestralvilanova\/?p=7149"},"modified":"2022-06-01T16:29:32","modified_gmt":"2022-06-01T14:29:32","slug":"the-english-day","status":"publish","type":"post","link":"https:\/\/agora.xtec.cat\/escolamestralvilanova\/infantil\/the-english-day\/","title":{"rendered":"THE ENGLISH DAY"},"content":{"rendered":"<p style=\"text-align: justify;\">Tal i com hem anat fent durant ja fa uns quants anys, cap a final de curs, a l&#8217;Escola Mestral celebrarem un dia ben especial: The English Day.<\/p>\n<p style=\"text-align: justify;\">En aquesta ocasi\u00f3, la jornada ser\u00e0 el proper dijous, 2 de juny. Es tracta d&#8217;una bona oportunitat per a tots els\/les alumnes, des dels m\u00e9s petits fins als de sis\u00e8, de participar en diferents activitats que impliquen l&#8217;\u00fas de l&#8217;angl\u00e8s com a principal llengua de comunicaci\u00f3 en diferents situacions i contextos, i gaudir-ne d&#8217;una manera particularment entretinguda i divertida.<\/p>\n<p style=\"text-align: justify;\">Ens ho passarem d&#8217;all\u00f2 m\u00e9s b\u00e9 a l&#8217;English Day!<\/p>\n<p style=\"text-align: justify;\">L&#8217;angl\u00e8s \u00e9s divertit!<\/p>\n<p><a href=\"https:\/\/agora.xtec.cat\/escolamestralvilanova\/wp-content\/uploads\/usu729\/2022\/06\/CARTELL-ENGLISH-DAY.png\"><img loading=\"lazy\" decoding=\"async\" class=\"alignnone wp-image-7150 size-medium\" src=\"https:\/\/agora.xtec.cat\/escolamestralvilanova\/wp-content\/uploads\/usu729\/2022\/06\/CARTELL-ENGLISH-DAY-212x300.png\" alt=\"\" width=\"212\" height=\"300\" srcset=\"https:\/\/agora.xtec.cat\/escolamestralvilanova\/wp-content\/uploads\/usu729\/2022\/06\/CARTELL-ENGLISH-DAY-212x300.png 212w, https:\/\/agora.xtec.cat\/escolamestralvilanova\/wp-content\/uploads\/usu729\/2022\/06\/CARTELL-ENGLISH-DAY-724x1024.png 724w, https:\/\/agora.xtec.cat\/escolamestralvilanova\/wp-content\/uploads\/usu729\/2022\/06\/CARTELL-ENGLISH-DAY-768x1086.png 768w, https:\/\/agora.xtec.cat\/escolamestralvilanova\/wp-content\/uploads\/usu729\/2022\/06\/CARTELL-ENGLISH-DAY-1086x1536.png 1086w, https:\/\/agora.xtec.cat\/escolamestralvilanova\/wp-content\/uploads\/usu729\/2022\/06\/CARTELL-ENGLISH-DAY-1448x2048.png 1448w, https:\/\/agora.xtec.cat\/escolamestralvilanova\/wp-content\/uploads\/usu729\/2022\/06\/CARTELL-ENGLISH-DAY.png 1587w\" sizes=\"auto, (max-width: 212px) 100vw, 212px\" \/><\/a><\/p>\n","protected":false},"excerpt":{"rendered":"<p>Tal i com hem anat fent durant ja fa uns quants anys, cap a final de curs, a l&#8217;Escola Mestral celebrarem un dia ben especial: The English Day.<br \/>\nEn aquesta ocasi\u00f3, la jornada ser\u00e0 el proper dijous, 2 de juny. Es tracta d&#8217;una bona oportunitat per&hellip;  <a href=\"https:\/\/agora.xtec.cat\/escolamestralvilanova\/infantil\/the-english-day\/\" title=\"Read THE ENGLISH DAY\">Llegeix m\u00e9s\u00bb<\/a><\/p>\n","protected":false},"author":1,"featured_media":0,"comment_status":"open","ping_status":"closed","sticky":false,"template":"","format":"standard","meta":{"_bbp_topic_count":0,"_bbp_reply_count":0,"_bbp_total_topic_count":0,"_bbp_total_reply_count":0,"_bbp_voice_count":0,"_bbp_anonymous_reply_count":0,"_bbp_topic_count_hidden":0,"_bbp_reply_count_hidden":0,"_bbp_forum_subforum_count":0,"footnotes":""},"categories":[55,2,4,5],"tags":[],"class_list":["post-7149","post","type-post","status-publish","format-standard","hentry","category-aicle","category-infantil","category-portada","category-primaria"],"post_mailing_queue_ids":[],"_links":{"self":[{"href":"https:\/\/agora.xtec.cat\/escolamestralvilanova\/wp-json\/wp\/v2\/posts\/7149","targetHints":{"allow":["GET"]}}],"collection":[{"href":"https:\/\/agora.xtec.cat\/escolamestralvilanova\/wp-json\/wp\/v2\/posts"}],"about":[{"href":"https:\/\/agora.xtec.cat\/escolamestralvilanova\/wp-json\/wp\/v2\/types\/post"}],"author":[{"embeddable":true,"href":"https:\/\/agora.xtec.cat\/escolamestralvilanova\/wp-json\/wp\/v2\/users\/1"}],"replies":[{"embeddable":true,"href":"https:\/\/agora.xtec.cat\/escolamestralvilanova\/wp-json\/wp\/v2\/comments?post=7149"}],"version-history":[{"count":1,"href":"https:\/\/agora.xtec.cat\/escolamestralvilanova\/wp-json\/wp\/v2\/posts\/7149\/revisions"}],"predecessor-version":[{"id":7151,"href":"https:\/\/agora.xtec.cat\/escolamestralvilanova\/wp-json\/wp\/v2\/posts\/7149\/revisions\/7151"}],"wp:attachment":[{"href":"https:\/\/agora.xtec.cat\/escolamestralvilanova\/wp-json\/wp\/v2\/media?parent=7149"}],"wp:term":[{"taxonomy":"category","embeddable":true,"href":"https:\/\/agora.xtec.cat\/escolamestralvilanova\/wp-json\/wp\/v2\/categories?post=7149"},{"taxonomy":"post_tag","embeddable":true,"href":"https:\/\/agora.xtec.cat\/escolamestralvilanova\/wp-json\/wp\/v2\/tags?post=7149"}],"curies":[{"name":"wp","href":"https:\/\/api.w.org\/{rel}","templated":true}]}}