{"id":7136,"date":"2022-05-30T17:25:42","date_gmt":"2022-05-30T15:25:42","guid":{"rendered":"https:\/\/agora.xtec.cat\/escolamestralvilanova\/?p=7136"},"modified":"2022-05-30T17:26:11","modified_gmt":"2022-05-30T15:26:11","slug":"aniversari-maite","status":"publish","type":"post","link":"https:\/\/agora.xtec.cat\/escolamestralvilanova\/infantil\/aniversari-maite\/","title":{"rendered":"ANIVERSARI MAITE"},"content":{"rendered":"<p>Avui hem celebrat el primer anyet de la Maite! Hem menjat coca alhora que li cant\u00e0vem la can\u00e7\u00f3 d&#8217;aniversari!<\/p>\n<p>Tamb\u00e9 ho hem celebrat a l&#8217;estil Montessori, fent una volta al sol amb la pilota de la Terra !\u00a0<img decoding=\"async\" class=\"an1\" src=\"https:\/\/fonts.gstatic.com\/s\/e\/notoemoji\/14.0\/2600_fe0f\/32.png\" alt=\"\u2600\ufe0f\" data-emoji=\"\u2600\ufe0f\" aria-label=\"\u2600\ufe0f\" \/><\/p>\n<p>I, a m\u00e9s, li hem pintat una pedreta com a regal, li hem fet una corona i hem jugat amb globus i confeti!<br \/>\nPer molts anys Maite i gr\u00e0cies per la coca!!\u00a0<img decoding=\"async\" class=\"an1\" src=\"https:\/\/fonts.gstatic.com\/s\/e\/notoemoji\/14.0\/1f973\/32.png\" alt=\"\ud83e\udd73\" data-emoji=\"\ud83e\udd73\" aria-label=\"\ud83e\udd73\" \/><\/p>\n<ul>\n<li><a href=\"https:\/\/photos.app.goo.gl\/M56fb9VE2aLYhMvy7\">ENLLA\u00c7 A LES FOTOGRAFIES<\/a><\/li>\n<\/ul>\n<p><a href=\"https:\/\/photos.app.goo.gl\/M56fb9VE2aLYhMvy7\"><img loading=\"lazy\" decoding=\"async\" class=\"alignnone size-medium wp-image-7137\" src=\"https:\/\/agora.xtec.cat\/escolamestralvilanova\/wp-content\/uploads\/usu729\/2022\/05\/PHOTO-2022-05-30-14-00-01-212x300.jpg\" alt=\"\" width=\"212\" height=\"300\" srcset=\"https:\/\/agora.xtec.cat\/escolamestralvilanova\/wp-content\/uploads\/usu729\/2022\/05\/PHOTO-2022-05-30-14-00-01-212x300.jpg 212w, https:\/\/agora.xtec.cat\/escolamestralvilanova\/wp-content\/uploads\/usu729\/2022\/05\/PHOTO-2022-05-30-14-00-01-723x1024.jpg 723w, https:\/\/agora.xtec.cat\/escolamestralvilanova\/wp-content\/uploads\/usu729\/2022\/05\/PHOTO-2022-05-30-14-00-01-768x1088.jpg 768w, https:\/\/agora.xtec.cat\/escolamestralvilanova\/wp-content\/uploads\/usu729\/2022\/05\/PHOTO-2022-05-30-14-00-01-1084x1536.jpg 1084w, https:\/\/agora.xtec.cat\/escolamestralvilanova\/wp-content\/uploads\/usu729\/2022\/05\/PHOTO-2022-05-30-14-00-01.jpg 1445w\" sizes=\"auto, (max-width: 212px) 100vw, 212px\" \/><\/a><\/p>\n","protected":false},"excerpt":{"rendered":"<p>Avui hem celebrat el primer anyet de la Maite! Hem menjat coca alhora que li cant\u00e0vem la can\u00e7\u00f3 d&#8217;aniversari!<br \/>\nTamb\u00e9 ho hem celebrat a l&#8217;estil Montessori, fent una volta al sol amb la pilota de la Terra !\u00a0<br \/>\nI, a m\u00e9s, li hem pintat una pedreta com&hellip;  <a href=\"https:\/\/agora.xtec.cat\/escolamestralvilanova\/infantil\/aniversari-maite\/\" title=\"Read ANIVERSARI MAITE\">Llegeix m\u00e9s\u00bb<\/a><\/p>\n","protected":false},"author":1,"featured_media":0,"comment_status":"open","ping_status":"closed","sticky":false,"template":"","format":"standard","meta":{"_bbp_topic_count":0,"_bbp_reply_count":0,"_bbp_total_topic_count":0,"_bbp_total_reply_count":0,"_bbp_voice_count":0,"_bbp_anonymous_reply_count":0,"_bbp_topic_count_hidden":0,"_bbp_reply_count_hidden":0,"_bbp_forum_subforum_count":0,"footnotes":""},"categories":[14,59,2,4],"tags":[],"class_list":["post-7136","post","type-post","status-publish","format-standard","hentry","category-ei1-ei2","category-primer-cicle-ed-infantil","category-infantil","category-portada"],"post_mailing_queue_ids":[],"_links":{"self":[{"href":"https:\/\/agora.xtec.cat\/escolamestralvilanova\/wp-json\/wp\/v2\/posts\/7136","targetHints":{"allow":["GET"]}}],"collection":[{"href":"https:\/\/agora.xtec.cat\/escolamestralvilanova\/wp-json\/wp\/v2\/posts"}],"about":[{"href":"https:\/\/agora.xtec.cat\/escolamestralvilanova\/wp-json\/wp\/v2\/types\/post"}],"author":[{"embeddable":true,"href":"https:\/\/agora.xtec.cat\/escolamestralvilanova\/wp-json\/wp\/v2\/users\/1"}],"replies":[{"embeddable":true,"href":"https:\/\/agora.xtec.cat\/escolamestralvilanova\/wp-json\/wp\/v2\/comments?post=7136"}],"version-history":[{"count":2,"href":"https:\/\/agora.xtec.cat\/escolamestralvilanova\/wp-json\/wp\/v2\/posts\/7136\/revisions"}],"predecessor-version":[{"id":7139,"href":"https:\/\/agora.xtec.cat\/escolamestralvilanova\/wp-json\/wp\/v2\/posts\/7136\/revisions\/7139"}],"wp:attachment":[{"href":"https:\/\/agora.xtec.cat\/escolamestralvilanova\/wp-json\/wp\/v2\/media?parent=7136"}],"wp:term":[{"taxonomy":"category","embeddable":true,"href":"https:\/\/agora.xtec.cat\/escolamestralvilanova\/wp-json\/wp\/v2\/categories?post=7136"},{"taxonomy":"post_tag","embeddable":true,"href":"https:\/\/agora.xtec.cat\/escolamestralvilanova\/wp-json\/wp\/v2\/tags?post=7136"}],"curies":[{"name":"wp","href":"https:\/\/api.w.org\/{rel}","templated":true}]}}