{"id":7094,"date":"2022-05-25T12:34:13","date_gmt":"2022-05-25T10:34:13","guid":{"rendered":"https:\/\/agora.xtec.cat\/escolamestralvilanova\/?p=7094"},"modified":"2022-05-25T12:34:36","modified_gmt":"2022-05-25T10:34:36","slug":"taller-de-grafiti-al-pati-de-lescola","status":"publish","type":"post","link":"https:\/\/agora.xtec.cat\/escolamestralvilanova\/infantil\/taller-de-grafiti-al-pati-de-lescola\/","title":{"rendered":"TALLER DE GRAFITI AL PATI DE L&#8217;ESCOLA"},"content":{"rendered":"<p class=\"gmail_default\" style=\"text-align: justify;\">El proper dissabte 28 de maig de les 9:00 hores fins a les 14:00 hores, es dur\u00e0 a terme un TALLER DE GRAFITI\u00a0al pati de l&#8217;escola amb l&#8217;artista urb\u00e0, dissenyador gr\u00e0fic i docent en educaci\u00f3 especial, escoles i instituts TAGE53ART.<\/p>\n<p class=\"gmail_default\" style=\"text-align: justify;\">Aquesta activitat consistir\u00e0\u00a0en pintar una de les parets de la pista de l&#8217;escola i s&#8217;emmarca\u00a0dins del projecte que s&#8217;est\u00e0 realitzant a les sessions d&#8217;art en les quals s&#8217;estan treballant muralistes i les seves creacions art\u00edstiques.<\/p>\n<p class=\"gmail_default\" style=\"text-align: justify;\">Per tal de poder tenir una previsi\u00f3 sobre els alumnes que participaran\u00a0a l&#8217;activitat del dissabte, tot seguit us facilitem una organitzaci\u00f3 aproximada de les sessions repartides per cicles:<\/p>\n<div class=\"gmail_default\">\n<ul>\n<li>De 9 a 10 hores: CICLE SUPERIOR<\/li>\n<li>De 10 a 11 hores: CICLE INICIAL i CICLE MITJ\u00c0<\/li>\n<li>De 11 a 13 hores: EDUCACI\u00d3 INFANTIL i ESCOLETA<\/li>\n<\/ul>\n<p style=\"text-align: justify;\">NOTA: \u00c9s important dur roba vella.<\/p>\n<p><a href=\"https:\/\/agora.xtec.cat\/escolamestralvilanova\/wp-content\/uploads\/usu729\/2022\/05\/PHOTO-2022-05-22-22-06-54.jpg\"><img loading=\"lazy\" decoding=\"async\" class=\"alignnone wp-image-7095 size-medium\" src=\"https:\/\/agora.xtec.cat\/escolamestralvilanova\/wp-content\/uploads\/usu729\/2022\/05\/PHOTO-2022-05-22-22-06-54-300x300.jpg\" alt=\"\" width=\"300\" height=\"300\" srcset=\"https:\/\/agora.xtec.cat\/escolamestralvilanova\/wp-content\/uploads\/usu729\/2022\/05\/PHOTO-2022-05-22-22-06-54-300x300.jpg 300w, https:\/\/agora.xtec.cat\/escolamestralvilanova\/wp-content\/uploads\/usu729\/2022\/05\/PHOTO-2022-05-22-22-06-54-1024x1024.jpg 1024w, https:\/\/agora.xtec.cat\/escolamestralvilanova\/wp-content\/uploads\/usu729\/2022\/05\/PHOTO-2022-05-22-22-06-54-150x150.jpg 150w, https:\/\/agora.xtec.cat\/escolamestralvilanova\/wp-content\/uploads\/usu729\/2022\/05\/PHOTO-2022-05-22-22-06-54-768x768.jpg 768w, https:\/\/agora.xtec.cat\/escolamestralvilanova\/wp-content\/uploads\/usu729\/2022\/05\/PHOTO-2022-05-22-22-06-54-1536x1536.jpg 1536w, https:\/\/agora.xtec.cat\/escolamestralvilanova\/wp-content\/uploads\/usu729\/2022\/05\/PHOTO-2022-05-22-22-06-54.jpg 1800w\" sizes=\"auto, (max-width: 300px) 100vw, 300px\" \/><\/a><\/p>\n<\/div>\n","protected":false},"excerpt":{"rendered":"<p>El proper dissabte 28 de maig de les 9:00 hores fins a les 14:00 hores, es dur\u00e0 a terme un TALLER DE GRAFITI\u00a0al pati de l&#8217;escola amb l&#8217;artista urb\u00e0, dissenyador gr\u00e0fic i docent en educaci\u00f3 especial, escoles i instituts TAGE53ART.<br \/>\nAquesta activitat consistir\u00e0\u00a0en pintar una de&hellip;  <a href=\"https:\/\/agora.xtec.cat\/escolamestralvilanova\/infantil\/taller-de-grafiti-al-pati-de-lescola\/\" title=\"Read TALLER DE GRAFITI AL PATI DE L&#8217;ESCOLA\">Llegeix m\u00e9s\u00bb<\/a><\/p>\n","protected":false},"author":1,"featured_media":0,"comment_status":"open","ping_status":"closed","sticky":false,"template":"","format":"standard","meta":{"_bbp_topic_count":0,"_bbp_reply_count":0,"_bbp_total_topic_count":0,"_bbp_total_reply_count":0,"_bbp_voice_count":0,"_bbp_anonymous_reply_count":0,"_bbp_topic_count_hidden":0,"_bbp_reply_count_hidden":0,"_bbp_forum_subforum_count":0,"footnotes":""},"categories":[2,4,5],"tags":[],"class_list":["post-7094","post","type-post","status-publish","format-standard","hentry","category-infantil","category-portada","category-primaria"],"post_mailing_queue_ids":[],"_links":{"self":[{"href":"https:\/\/agora.xtec.cat\/escolamestralvilanova\/wp-json\/wp\/v2\/posts\/7094","targetHints":{"allow":["GET"]}}],"collection":[{"href":"https:\/\/agora.xtec.cat\/escolamestralvilanova\/wp-json\/wp\/v2\/posts"}],"about":[{"href":"https:\/\/agora.xtec.cat\/escolamestralvilanova\/wp-json\/wp\/v2\/types\/post"}],"author":[{"embeddable":true,"href":"https:\/\/agora.xtec.cat\/escolamestralvilanova\/wp-json\/wp\/v2\/users\/1"}],"replies":[{"embeddable":true,"href":"https:\/\/agora.xtec.cat\/escolamestralvilanova\/wp-json\/wp\/v2\/comments?post=7094"}],"version-history":[{"count":2,"href":"https:\/\/agora.xtec.cat\/escolamestralvilanova\/wp-json\/wp\/v2\/posts\/7094\/revisions"}],"predecessor-version":[{"id":7097,"href":"https:\/\/agora.xtec.cat\/escolamestralvilanova\/wp-json\/wp\/v2\/posts\/7094\/revisions\/7097"}],"wp:attachment":[{"href":"https:\/\/agora.xtec.cat\/escolamestralvilanova\/wp-json\/wp\/v2\/media?parent=7094"}],"wp:term":[{"taxonomy":"category","embeddable":true,"href":"https:\/\/agora.xtec.cat\/escolamestralvilanova\/wp-json\/wp\/v2\/categories?post=7094"},{"taxonomy":"post_tag","embeddable":true,"href":"https:\/\/agora.xtec.cat\/escolamestralvilanova\/wp-json\/wp\/v2\/tags?post=7094"}],"curies":[{"name":"wp","href":"https:\/\/api.w.org\/{rel}","templated":true}]}}