{"id":7081,"date":"2022-05-24T15:58:43","date_gmt":"2022-05-24T13:58:43","guid":{"rendered":"https:\/\/agora.xtec.cat\/escolamestralvilanova\/?p=7081"},"modified":"2022-05-25T08:00:32","modified_gmt":"2022-05-25T06:00:32","slug":"juguem-amb-paper","status":"publish","type":"post","link":"https:\/\/agora.xtec.cat\/escolamestralvilanova\/infantil\/juguem-amb-paper\/","title":{"rendered":"JUGUEM AMB PAPER"},"content":{"rendered":"<p style=\"text-align: justify;\">Aquest mat\u00ed a l&#8217;escoleta hem gaudit de valent experimentat amb paper de tot tipus: de diari, de v\u00e0ter, de seda, amb tubs de cartr\u00f3&#8230; ens ho hem passat pipa llen\u00e7ant-lo, trencant-lo i embolicant-nos com si f\u00f3ssim m\u00f2mies!<\/p>\n<ul>\n<li><a href=\"https:\/\/photos.app.goo.gl\/TFFCGBPC2L99Gm3W6\">ENLLA\u00c7 A LES FOTOGRAFIES<\/a><\/li>\n<\/ul>\n<p><a href=\"https:\/\/photos.app.goo.gl\/TFFCGBPC2L99Gm3W6\"><img loading=\"lazy\" decoding=\"async\" class=\"alignnone size-medium wp-image-7082\" src=\"https:\/\/agora.xtec.cat\/escolamestralvilanova\/wp-content\/uploads\/usu729\/2022\/05\/PHOTO-2022-05-24-15-29-11-218x300.jpg\" alt=\"\" width=\"218\" height=\"300\" srcset=\"https:\/\/agora.xtec.cat\/escolamestralvilanova\/wp-content\/uploads\/usu729\/2022\/05\/PHOTO-2022-05-24-15-29-11-218x300.jpg 218w, https:\/\/agora.xtec.cat\/escolamestralvilanova\/wp-content\/uploads\/usu729\/2022\/05\/PHOTO-2022-05-24-15-29-11-745x1024.jpg 745w, https:\/\/agora.xtec.cat\/escolamestralvilanova\/wp-content\/uploads\/usu729\/2022\/05\/PHOTO-2022-05-24-15-29-11-768x1056.jpg 768w, https:\/\/agora.xtec.cat\/escolamestralvilanova\/wp-content\/uploads\/usu729\/2022\/05\/PHOTO-2022-05-24-15-29-11.jpg 899w\" sizes=\"auto, (max-width: 218px) 100vw, 218px\" \/><\/a><\/p>\n<div class=\"yj6qo\"><\/div>\n","protected":false},"excerpt":{"rendered":"<p>Aquest mat\u00ed a l&#8217;escoleta hem gaudit de valent experimentat amb paper de tot tipus: de diari, de v\u00e0ter, de seda, amb tubs de cartr\u00f3&#8230; ens ho hem passat pipa llen\u00e7ant-lo, trencant-lo i embolicant-nos com si f\u00f3ssim m\u00f2mies!<\/p>\n<ul>\n<li><a href=\"https:\/\/photos.app.goo.gl\/TFFCGBPC2L99Gm3W6\">ENLLA\u00c7 A LES FOTOGRAFIES<\/a><\/li>\n<\/ul>\n<p><a href=\"https:\/\/photos.app.goo.gl\/TFFCGBPC2L99Gm3W6\"><\/a><\/p>\n","protected":false},"author":1,"featured_media":0,"comment_status":"open","ping_status":"closed","sticky":false,"template":"","format":"standard","meta":{"_bbp_topic_count":0,"_bbp_reply_count":0,"_bbp_total_topic_count":0,"_bbp_total_reply_count":0,"_bbp_voice_count":0,"_bbp_anonymous_reply_count":0,"_bbp_topic_count_hidden":0,"_bbp_reply_count_hidden":0,"_bbp_forum_subforum_count":0,"footnotes":""},"categories":[14,59,2,4],"tags":[],"class_list":["post-7081","post","type-post","status-publish","format-standard","hentry","category-ei1-ei2","category-primer-cicle-ed-infantil","category-infantil","category-portada"],"post_mailing_queue_ids":[],"_links":{"self":[{"href":"https:\/\/agora.xtec.cat\/escolamestralvilanova\/wp-json\/wp\/v2\/posts\/7081","targetHints":{"allow":["GET"]}}],"collection":[{"href":"https:\/\/agora.xtec.cat\/escolamestralvilanova\/wp-json\/wp\/v2\/posts"}],"about":[{"href":"https:\/\/agora.xtec.cat\/escolamestralvilanova\/wp-json\/wp\/v2\/types\/post"}],"author":[{"embeddable":true,"href":"https:\/\/agora.xtec.cat\/escolamestralvilanova\/wp-json\/wp\/v2\/users\/1"}],"replies":[{"embeddable":true,"href":"https:\/\/agora.xtec.cat\/escolamestralvilanova\/wp-json\/wp\/v2\/comments?post=7081"}],"version-history":[{"count":1,"href":"https:\/\/agora.xtec.cat\/escolamestralvilanova\/wp-json\/wp\/v2\/posts\/7081\/revisions"}],"predecessor-version":[{"id":7083,"href":"https:\/\/agora.xtec.cat\/escolamestralvilanova\/wp-json\/wp\/v2\/posts\/7081\/revisions\/7083"}],"wp:attachment":[{"href":"https:\/\/agora.xtec.cat\/escolamestralvilanova\/wp-json\/wp\/v2\/media?parent=7081"}],"wp:term":[{"taxonomy":"category","embeddable":true,"href":"https:\/\/agora.xtec.cat\/escolamestralvilanova\/wp-json\/wp\/v2\/categories?post=7081"},{"taxonomy":"post_tag","embeddable":true,"href":"https:\/\/agora.xtec.cat\/escolamestralvilanova\/wp-json\/wp\/v2\/tags?post=7081"}],"curies":[{"name":"wp","href":"https:\/\/api.w.org\/{rel}","templated":true}]}}