{"id":7060,"date":"2022-05-19T10:04:27","date_gmt":"2022-05-19T08:04:27","guid":{"rendered":"https:\/\/agora.xtec.cat\/escolamestralvilanova\/?p=7060"},"modified":"2022-05-19T10:20:21","modified_gmt":"2022-05-19T08:20:21","slug":"exposicions-del-cos-huma-i","status":"publish","type":"post","link":"https:\/\/agora.xtec.cat\/escolamestralvilanova\/portada\/exposicions-del-cos-huma-i\/","title":{"rendered":"EXPOSICIONS DEL COS HUM\u00c0 I"},"content":{"rendered":"<p>Aquesta setmana els alumnes de cinqu\u00e8 estan exposant els treballs de recerca\u00a0 que han fet a l&#8217;\u00e0rea de medi. Han treballat per grups i han explicat com funcionen els<\/p>\n<p>diferents aparells i sistemes del cos hum\u00e0. Han fet molt bona feina de cooperaci\u00f3 i s&#8217;han mostrat molt implicats en els seus projectes. L&#8217;alumnat de cicle mitj\u00e0 tamb\u00e9 ha assistit a les presentacions per tal d&#8217;aprendre dels seus companys\/es.<\/p>\n<ul>\n<li><a href=\"https:\/\/photos.app.goo.gl\/RUrfWyqmVBqGsBZs5\">ENLLA\u00c7 A LES FOTOGRAFIES<\/a><\/li>\n<\/ul>\n<p><a href=\"https:\/\/agora.xtec.cat\/escolamestralvilanova\/wp-content\/uploads\/usu729\/2022\/05\/8cc0ff5e-a22c-454b-8ba2-e7057aad84dd.jpg\"><img loading=\"lazy\" decoding=\"async\" class=\"alignnone wp-image-7061 size-medium\" src=\"https:\/\/agora.xtec.cat\/escolamestralvilanova\/wp-content\/uploads\/usu729\/2022\/05\/8cc0ff5e-a22c-454b-8ba2-e7057aad84dd-300x300.jpg\" alt=\"\" width=\"300\" height=\"300\" srcset=\"https:\/\/agora.xtec.cat\/escolamestralvilanova\/wp-content\/uploads\/usu729\/2022\/05\/8cc0ff5e-a22c-454b-8ba2-e7057aad84dd-300x300.jpg 300w, https:\/\/agora.xtec.cat\/escolamestralvilanova\/wp-content\/uploads\/usu729\/2022\/05\/8cc0ff5e-a22c-454b-8ba2-e7057aad84dd-150x150.jpg 150w, https:\/\/agora.xtec.cat\/escolamestralvilanova\/wp-content\/uploads\/usu729\/2022\/05\/8cc0ff5e-a22c-454b-8ba2-e7057aad84dd.jpg 480w\" sizes=\"auto, (max-width: 300px) 100vw, 300px\" \/><\/a><\/p>\n","protected":false},"excerpt":{"rendered":"<p>Aquesta setmana els alumnes de cinqu\u00e8 estan exposant els treballs de recerca\u00a0 que han fet a l&#8217;\u00e0rea de medi. Han treballat per grups i han explicat com funcionen els<br \/>\ndiferents aparells i sistemes del cos hum\u00e0. Han fet molt bona feina de cooperaci\u00f3 i s&#8217;han mostrat&hellip;  <a href=\"https:\/\/agora.xtec.cat\/escolamestralvilanova\/portada\/exposicions-del-cos-huma-i\/\" title=\"Read EXPOSICIONS DEL COS HUM\u00c0 I\">Llegeix m\u00e9s\u00bb<\/a><\/p>\n","protected":false},"author":1,"featured_media":0,"comment_status":"open","ping_status":"closed","sticky":false,"template":"","format":"standard","meta":{"_bbp_topic_count":0,"_bbp_reply_count":0,"_bbp_total_topic_count":0,"_bbp_total_reply_count":0,"_bbp_voice_count":0,"_bbp_anonymous_reply_count":0,"_bbp_topic_count_hidden":0,"_bbp_reply_count_hidden":0,"_bbp_forum_subforum_count":0,"footnotes":""},"categories":[13,4,5],"tags":[],"class_list":["post-7060","post","type-post","status-publish","format-standard","hentry","category-cinque","category-portada","category-primaria"],"post_mailing_queue_ids":[],"_links":{"self":[{"href":"https:\/\/agora.xtec.cat\/escolamestralvilanova\/wp-json\/wp\/v2\/posts\/7060","targetHints":{"allow":["GET"]}}],"collection":[{"href":"https:\/\/agora.xtec.cat\/escolamestralvilanova\/wp-json\/wp\/v2\/posts"}],"about":[{"href":"https:\/\/agora.xtec.cat\/escolamestralvilanova\/wp-json\/wp\/v2\/types\/post"}],"author":[{"embeddable":true,"href":"https:\/\/agora.xtec.cat\/escolamestralvilanova\/wp-json\/wp\/v2\/users\/1"}],"replies":[{"embeddable":true,"href":"https:\/\/agora.xtec.cat\/escolamestralvilanova\/wp-json\/wp\/v2\/comments?post=7060"}],"version-history":[{"count":2,"href":"https:\/\/agora.xtec.cat\/escolamestralvilanova\/wp-json\/wp\/v2\/posts\/7060\/revisions"}],"predecessor-version":[{"id":7067,"href":"https:\/\/agora.xtec.cat\/escolamestralvilanova\/wp-json\/wp\/v2\/posts\/7060\/revisions\/7067"}],"wp:attachment":[{"href":"https:\/\/agora.xtec.cat\/escolamestralvilanova\/wp-json\/wp\/v2\/media?parent=7060"}],"wp:term":[{"taxonomy":"category","embeddable":true,"href":"https:\/\/agora.xtec.cat\/escolamestralvilanova\/wp-json\/wp\/v2\/categories?post=7060"},{"taxonomy":"post_tag","embeddable":true,"href":"https:\/\/agora.xtec.cat\/escolamestralvilanova\/wp-json\/wp\/v2\/tags?post=7060"}],"curies":[{"name":"wp","href":"https:\/\/api.w.org\/{rel}","templated":true}]}}