{"id":7051,"date":"2022-05-16T18:04:03","date_gmt":"2022-05-16T16:04:03","guid":{"rendered":"https:\/\/agora.xtec.cat\/escolamestralvilanova\/?p=7051"},"modified":"2022-05-16T18:04:03","modified_gmt":"2022-05-16T16:04:03","slug":"aniversari-iu","status":"publish","type":"post","link":"https:\/\/agora.xtec.cat\/escolamestralvilanova\/portada\/aniversari-iu\/","title":{"rendered":"ANIVERSARI \u00cfU"},"content":{"rendered":"<p style=\"text-align: justify;\">Avui hem celebrat que l&#8217;\u00cfu ha fet 3 anys! Hem menjat un past\u00eds casol\u00e0 fet per la seva tieta, alhora que li cant\u00e0vem la can\u00e7\u00f3 d&#8217;aniversari!<\/p>\n<p>Tamb\u00e9 ho hem celebrat a l&#8217;estil Montessori, fent tres voltes al sol amb la pilota de la Terra ! <img decoding=\"async\" class=\"an1\" src=\"https:\/\/fonts.gstatic.com\/s\/e\/notoemoji\/14.0\/2600_fe0f\/72.png\" alt=\"\u2600\ufe0f\" data-emoji=\"\u2600\ufe0f\" aria-label=\"\u2600\ufe0f\" \/><\/p>\n<p>I, a m\u00e9s, li hem pintat una pedreta com a regal, li hem fet una corona i hem jugat amb globus i confeti!<br \/>\nPer molts anys \u00cfu! <img decoding=\"async\" class=\"an1\" src=\"https:\/\/fonts.gstatic.com\/s\/e\/notoemoji\/14.0\/1f973\/72.png\" alt=\"\ud83e\udd73\" data-emoji=\"\ud83e\udd73\" aria-label=\"\ud83e\udd73\" \/><\/p>\n<ul>\n<li><a href=\"https:\/\/photos.app.goo.gl\/3uWv6f527pVbzGFf8\">ENLLA\u00c7 A LES FOTOGRAFIES<\/a>\n<p><a href=\"https:\/\/photos.app.goo.gl\/3uWv6f527pVbzGFf8\"><img loading=\"lazy\" decoding=\"async\" class=\"alignnone size-medium wp-image-7052\" src=\"https:\/\/agora.xtec.cat\/escolamestralvilanova\/wp-content\/uploads\/usu729\/2022\/05\/PHOTO-2022-05-16-17-28-55-300x277.jpg\" alt=\"\" width=\"300\" height=\"277\" srcset=\"https:\/\/agora.xtec.cat\/escolamestralvilanova\/wp-content\/uploads\/usu729\/2022\/05\/PHOTO-2022-05-16-17-28-55-300x277.jpg 300w, https:\/\/agora.xtec.cat\/escolamestralvilanova\/wp-content\/uploads\/usu729\/2022\/05\/PHOTO-2022-05-16-17-28-55-1024x946.jpg 1024w, https:\/\/agora.xtec.cat\/escolamestralvilanova\/wp-content\/uploads\/usu729\/2022\/05\/PHOTO-2022-05-16-17-28-55-768x710.jpg 768w, https:\/\/agora.xtec.cat\/escolamestralvilanova\/wp-content\/uploads\/usu729\/2022\/05\/PHOTO-2022-05-16-17-28-55.jpg 1208w\" sizes=\"auto, (max-width: 300px) 100vw, 300px\" \/><\/a><\/li>\n<\/ul>\n","protected":false},"excerpt":{"rendered":"<p>Avui hem celebrat que l&#8217;\u00cfu ha fet 3 anys! Hem menjat un past\u00eds casol\u00e0 fet per la seva tieta, alhora que li cant\u00e0vem la can\u00e7\u00f3 d&#8217;aniversari!<br \/>\nTamb\u00e9 ho hem celebrat a l&#8217;estil Montessori, fent tres voltes al sol amb la pilota de la Terra !<br \/>\nI,&hellip;  <a href=\"https:\/\/agora.xtec.cat\/escolamestralvilanova\/portada\/aniversari-iu\/\" title=\"Read ANIVERSARI \u00cfU\">Llegeix m\u00e9s\u00bb<\/a><\/p>\n","protected":false},"author":1,"featured_media":0,"comment_status":"open","ping_status":"closed","sticky":false,"template":"","format":"standard","meta":{"_bbp_topic_count":0,"_bbp_reply_count":0,"_bbp_total_topic_count":0,"_bbp_total_reply_count":0,"_bbp_voice_count":0,"_bbp_anonymous_reply_count":0,"_bbp_topic_count_hidden":0,"_bbp_reply_count_hidden":0,"_bbp_forum_subforum_count":0,"footnotes":""},"categories":[14,59,4],"tags":[],"class_list":["post-7051","post","type-post","status-publish","format-standard","hentry","category-ei1-ei2","category-primer-cicle-ed-infantil","category-portada"],"post_mailing_queue_ids":[],"_links":{"self":[{"href":"https:\/\/agora.xtec.cat\/escolamestralvilanova\/wp-json\/wp\/v2\/posts\/7051","targetHints":{"allow":["GET"]}}],"collection":[{"href":"https:\/\/agora.xtec.cat\/escolamestralvilanova\/wp-json\/wp\/v2\/posts"}],"about":[{"href":"https:\/\/agora.xtec.cat\/escolamestralvilanova\/wp-json\/wp\/v2\/types\/post"}],"author":[{"embeddable":true,"href":"https:\/\/agora.xtec.cat\/escolamestralvilanova\/wp-json\/wp\/v2\/users\/1"}],"replies":[{"embeddable":true,"href":"https:\/\/agora.xtec.cat\/escolamestralvilanova\/wp-json\/wp\/v2\/comments?post=7051"}],"version-history":[{"count":1,"href":"https:\/\/agora.xtec.cat\/escolamestralvilanova\/wp-json\/wp\/v2\/posts\/7051\/revisions"}],"predecessor-version":[{"id":7053,"href":"https:\/\/agora.xtec.cat\/escolamestralvilanova\/wp-json\/wp\/v2\/posts\/7051\/revisions\/7053"}],"wp:attachment":[{"href":"https:\/\/agora.xtec.cat\/escolamestralvilanova\/wp-json\/wp\/v2\/media?parent=7051"}],"wp:term":[{"taxonomy":"category","embeddable":true,"href":"https:\/\/agora.xtec.cat\/escolamestralvilanova\/wp-json\/wp\/v2\/categories?post=7051"},{"taxonomy":"post_tag","embeddable":true,"href":"https:\/\/agora.xtec.cat\/escolamestralvilanova\/wp-json\/wp\/v2\/tags?post=7051"}],"curies":[{"name":"wp","href":"https:\/\/api.w.org\/{rel}","templated":true}]}}