{"id":7044,"date":"2022-05-13T15:55:26","date_gmt":"2022-05-13T13:55:26","guid":{"rendered":"https:\/\/agora.xtec.cat\/escolamestralvilanova\/?p=7044"},"modified":"2022-05-16T08:57:05","modified_gmt":"2022-05-16T06:57:05","slug":"aprenem-mes-sobre-tortugues","status":"publish","type":"post","link":"https:\/\/agora.xtec.cat\/escolamestralvilanova\/infantil\/aprenem-mes-sobre-tortugues\/","title":{"rendered":"APRENEM M\u00c9S SOBRE TORTUGUES"},"content":{"rendered":"<div class=\"aju\"><\/div>\n<div class=\"gs\">\n<div id=\":qv\">\n<p class=\"btm\">A prinipis de setmana vam pintar una tortuga amb pintura acrilica de colors verdosos i marrons!<\/p>\n<p class=\"btm\"><span style=\"font-family: inherit; font-size: 1em;\">Avui, hem fet psicomotricitat despla\u00e7ant-nos com aquest animal, primer ho hem fet caminant a 4 potes (com les terrestres) I despr\u00e9s nedant (com les aquatiques).<\/span><\/p>\n<p class=\"btm\"><span style=\"font-family: inherit; font-size: 1em;\">A m\u00e9s, a l&#8217;aula tenim una caixa musical d&#8217;una tortuga on cantem la can\u00e7\u00f3 &#8220;La tortuga ballaruga&#8221; i una titella que ens agrada molt per explicar contes i jugar!!<\/span><\/p>\n<p class=\"btm\"><span style=\"font-family: inherit; font-size: 1em;\">Bon cap de setmana fam\u00edlies!<\/span><\/p>\n<ul>\n<li><a href=\"https:\/\/photos.app.goo.gl\/HnNy7gHXupqwEDSn8\">ENLLA\u00c7 A LES FOTOGRAFIES<\/a><\/li>\n<\/ul>\n<p><a href=\"https:\/\/photos.app.goo.gl\/HnNy7gHXupqwEDSn8\"><img loading=\"lazy\" decoding=\"async\" class=\"alignnone size-medium wp-image-7045\" src=\"https:\/\/agora.xtec.cat\/escolamestralvilanova\/wp-content\/uploads\/usu729\/2022\/05\/PHOTO-2022-05-13-17-12-11-300x300.jpg\" alt=\"\" width=\"300\" height=\"300\" srcset=\"https:\/\/agora.xtec.cat\/escolamestralvilanova\/wp-content\/uploads\/usu729\/2022\/05\/PHOTO-2022-05-13-17-12-11-300x300.jpg 300w, https:\/\/agora.xtec.cat\/escolamestralvilanova\/wp-content\/uploads\/usu729\/2022\/05\/PHOTO-2022-05-13-17-12-11-1024x1024.jpg 1024w, https:\/\/agora.xtec.cat\/escolamestralvilanova\/wp-content\/uploads\/usu729\/2022\/05\/PHOTO-2022-05-13-17-12-11-150x150.jpg 150w, https:\/\/agora.xtec.cat\/escolamestralvilanova\/wp-content\/uploads\/usu729\/2022\/05\/PHOTO-2022-05-13-17-12-11-768x768.jpg 768w, https:\/\/agora.xtec.cat\/escolamestralvilanova\/wp-content\/uploads\/usu729\/2022\/05\/PHOTO-2022-05-13-17-12-11.jpg 1440w\" sizes=\"auto, (max-width: 300px) 100vw, 300px\" \/><\/a><\/p>\n<\/div>\n<div class=\"\">\n<div id=\":pb\" class=\"ii gt\">\n<div id=\":qu\" class=\"a3s aiL \"><\/div>\n<\/div>\n<\/div>\n<\/div>\n","protected":false},"excerpt":{"rendered":"<p>A prinipis de setmana vam pintar una tortuga amb pintura acrilica de colors verdosos i marrons!<br \/>\nAvui, hem fet psicomotricitat despla\u00e7ant-nos com aquest animal, primer ho hem fet caminant a 4 potes (com les terrestres) I despr\u00e9s nedant (com les aquatiques).<br \/>\nA m\u00e9s, a l&#8217;aula tenim una&hellip;  <a href=\"https:\/\/agora.xtec.cat\/escolamestralvilanova\/infantil\/aprenem-mes-sobre-tortugues\/\" title=\"Read APRENEM M\u00c9S SOBRE TORTUGUES\">Llegeix m\u00e9s\u00bb<\/a><\/p>\n","protected":false},"author":1,"featured_media":0,"comment_status":"open","ping_status":"closed","sticky":false,"template":"","format":"standard","meta":{"_bbp_topic_count":0,"_bbp_reply_count":0,"_bbp_total_topic_count":0,"_bbp_total_reply_count":0,"_bbp_voice_count":0,"_bbp_anonymous_reply_count":0,"_bbp_topic_count_hidden":0,"_bbp_reply_count_hidden":0,"_bbp_forum_subforum_count":0,"footnotes":""},"categories":[14,2,4],"tags":[],"class_list":["post-7044","post","type-post","status-publish","format-standard","hentry","category-ei1-ei2","category-infantil","category-portada"],"post_mailing_queue_ids":[],"_links":{"self":[{"href":"https:\/\/agora.xtec.cat\/escolamestralvilanova\/wp-json\/wp\/v2\/posts\/7044","targetHints":{"allow":["GET"]}}],"collection":[{"href":"https:\/\/agora.xtec.cat\/escolamestralvilanova\/wp-json\/wp\/v2\/posts"}],"about":[{"href":"https:\/\/agora.xtec.cat\/escolamestralvilanova\/wp-json\/wp\/v2\/types\/post"}],"author":[{"embeddable":true,"href":"https:\/\/agora.xtec.cat\/escolamestralvilanova\/wp-json\/wp\/v2\/users\/1"}],"replies":[{"embeddable":true,"href":"https:\/\/agora.xtec.cat\/escolamestralvilanova\/wp-json\/wp\/v2\/comments?post=7044"}],"version-history":[{"count":1,"href":"https:\/\/agora.xtec.cat\/escolamestralvilanova\/wp-json\/wp\/v2\/posts\/7044\/revisions"}],"predecessor-version":[{"id":7046,"href":"https:\/\/agora.xtec.cat\/escolamestralvilanova\/wp-json\/wp\/v2\/posts\/7044\/revisions\/7046"}],"wp:attachment":[{"href":"https:\/\/agora.xtec.cat\/escolamestralvilanova\/wp-json\/wp\/v2\/media?parent=7044"}],"wp:term":[{"taxonomy":"category","embeddable":true,"href":"https:\/\/agora.xtec.cat\/escolamestralvilanova\/wp-json\/wp\/v2\/categories?post=7044"},{"taxonomy":"post_tag","embeddable":true,"href":"https:\/\/agora.xtec.cat\/escolamestralvilanova\/wp-json\/wp\/v2\/tags?post=7044"}],"curies":[{"name":"wp","href":"https:\/\/api.w.org\/{rel}","templated":true}]}}