{"id":7032,"date":"2022-05-11T15:25:42","date_gmt":"2022-05-11T13:25:42","guid":{"rendered":"https:\/\/agora.xtec.cat\/escolamestralvilanova\/?p=7032"},"modified":"2022-05-11T15:25:42","modified_gmt":"2022-05-11T13:25:42","slug":"mes-racons-4","status":"publish","type":"post","link":"https:\/\/agora.xtec.cat\/escolamestralvilanova\/infantil\/mes-racons-4\/","title":{"rendered":"M\u00c9S RACONS"},"content":{"rendered":"<p>Avui hem continuat jugant per racons i n&#8217;hem introdu\u00eft un de nou:<\/p>\n<p>&#8211; Retallar cartolines de colors en l\u00ednia recta: els hi ha agradat molt fer-ho i se&#8217;ls hi d\u00f3na bastant b\u00e9! (Pels infants de P2)<br \/>\n&#8211; Jugar a fer construccions amb les peces transl\u00facides de fusta, i a mirar a trav\u00e9s d&#8217;elles, en diferents colors!<br \/>\n&#8211; Experimentar amb la catifa sensorial diferents textures!<\/p>\n<ul>\n<li><a href=\"https:\/\/photos.app.goo.gl\/rDmishSbfjeQUUzL6\">ENLLA\u00c7 A LES FOTOGRAFIES<\/a><\/li>\n<\/ul>\n<p><a href=\"https:\/\/photos.app.goo.gl\/rDmishSbfjeQUUzL6\"><img loading=\"lazy\" decoding=\"async\" class=\"alignnone size-medium wp-image-7033\" src=\"https:\/\/agora.xtec.cat\/escolamestralvilanova\/wp-content\/uploads\/usu729\/2022\/05\/PHOTO-2022-05-11-14-06-23-220x300.jpg\" alt=\"\" width=\"220\" height=\"300\" srcset=\"https:\/\/agora.xtec.cat\/escolamestralvilanova\/wp-content\/uploads\/usu729\/2022\/05\/PHOTO-2022-05-11-14-06-23-220x300.jpg 220w, https:\/\/agora.xtec.cat\/escolamestralvilanova\/wp-content\/uploads\/usu729\/2022\/05\/PHOTO-2022-05-11-14-06-23-752x1024.jpg 752w, https:\/\/agora.xtec.cat\/escolamestralvilanova\/wp-content\/uploads\/usu729\/2022\/05\/PHOTO-2022-05-11-14-06-23-768x1046.jpg 768w, https:\/\/agora.xtec.cat\/escolamestralvilanova\/wp-content\/uploads\/usu729\/2022\/05\/PHOTO-2022-05-11-14-06-23-1128x1536.jpg 1128w, https:\/\/agora.xtec.cat\/escolamestralvilanova\/wp-content\/uploads\/usu729\/2022\/05\/PHOTO-2022-05-11-14-06-23.jpg 1307w\" sizes=\"auto, (max-width: 220px) 100vw, 220px\" \/><\/a><\/p>\n","protected":false},"excerpt":{"rendered":"<p>Avui hem continuat jugant per racons i n&#8217;hem introdu\u00eft un de nou:<br \/>\n&#8211; Retallar cartolines de colors en l\u00ednia recta: els hi ha agradat molt fer-ho i se&#8217;ls hi d\u00f3na bastant b\u00e9! (Pels infants de P2)<br \/>\n&#8211; Jugar a fer construccions amb les peces transl\u00facides de fusta,&hellip;  <a href=\"https:\/\/agora.xtec.cat\/escolamestralvilanova\/infantil\/mes-racons-4\/\" title=\"Read M\u00c9S RACONS\">Llegeix m\u00e9s\u00bb<\/a><\/p>\n","protected":false},"author":1,"featured_media":0,"comment_status":"open","ping_status":"closed","sticky":false,"template":"","format":"standard","meta":{"_bbp_topic_count":0,"_bbp_reply_count":0,"_bbp_total_topic_count":0,"_bbp_total_reply_count":0,"_bbp_voice_count":0,"_bbp_anonymous_reply_count":0,"_bbp_topic_count_hidden":0,"_bbp_reply_count_hidden":0,"_bbp_forum_subforum_count":0,"footnotes":""},"categories":[14,59,2,4],"tags":[],"class_list":["post-7032","post","type-post","status-publish","format-standard","hentry","category-ei1-ei2","category-primer-cicle-ed-infantil","category-infantil","category-portada"],"post_mailing_queue_ids":[],"_links":{"self":[{"href":"https:\/\/agora.xtec.cat\/escolamestralvilanova\/wp-json\/wp\/v2\/posts\/7032","targetHints":{"allow":["GET"]}}],"collection":[{"href":"https:\/\/agora.xtec.cat\/escolamestralvilanova\/wp-json\/wp\/v2\/posts"}],"about":[{"href":"https:\/\/agora.xtec.cat\/escolamestralvilanova\/wp-json\/wp\/v2\/types\/post"}],"author":[{"embeddable":true,"href":"https:\/\/agora.xtec.cat\/escolamestralvilanova\/wp-json\/wp\/v2\/users\/1"}],"replies":[{"embeddable":true,"href":"https:\/\/agora.xtec.cat\/escolamestralvilanova\/wp-json\/wp\/v2\/comments?post=7032"}],"version-history":[{"count":1,"href":"https:\/\/agora.xtec.cat\/escolamestralvilanova\/wp-json\/wp\/v2\/posts\/7032\/revisions"}],"predecessor-version":[{"id":7034,"href":"https:\/\/agora.xtec.cat\/escolamestralvilanova\/wp-json\/wp\/v2\/posts\/7032\/revisions\/7034"}],"wp:attachment":[{"href":"https:\/\/agora.xtec.cat\/escolamestralvilanova\/wp-json\/wp\/v2\/media?parent=7032"}],"wp:term":[{"taxonomy":"category","embeddable":true,"href":"https:\/\/agora.xtec.cat\/escolamestralvilanova\/wp-json\/wp\/v2\/categories?post=7032"},{"taxonomy":"post_tag","embeddable":true,"href":"https:\/\/agora.xtec.cat\/escolamestralvilanova\/wp-json\/wp\/v2\/tags?post=7032"}],"curies":[{"name":"wp","href":"https:\/\/api.w.org\/{rel}","templated":true}]}}