{"id":7027,"date":"2022-05-11T13:13:23","date_gmt":"2022-05-11T11:13:23","guid":{"rendered":"https:\/\/agora.xtec.cat\/escolamestralvilanova\/?p=7027"},"modified":"2022-05-11T13:13:23","modified_gmt":"2022-05-11T11:13:23","slug":"la-capsa-de-vida-de-lodin","status":"publish","type":"post","link":"https:\/\/agora.xtec.cat\/escolamestralvilanova\/general\/la-capsa-de-vida-de-lodin\/","title":{"rendered":"LA CAPSA DE VIDA DE L&#8217;OD\u00cdN!"},"content":{"rendered":"<p>Avui l&#8217;Od\u00edn ens ha presentat la seva CAPSA DE VIDA. Tots els infants s&#8217;han mostrat molt motivats i encuriosits per all\u00f2 que havia posat el seu company dins la\u00a0 capsa.<\/p>\n<p>L&#8217;Od\u00edn ens ha presentat una s\u00e8rie d\u2019objectes importants per ell. Ens ha portat joguines de quan era petit, roba, un llibre amb dades del seu naixement i moltes fotos!<\/p>\n<p>Ha estat un moment molt bonic on hem pogut compartir i con\u00e8ixer una mica m\u00e9s el nostre company.<\/p>\n<p>Gr\u00e0cies Od\u00edn!<\/p>\n<ul>\n<li><a href=\"https:\/\/photos.app.goo.gl\/7pCzetRJiz48k54G6\">ENLLA\u00c7 AL V\u00cdDEO<\/a><\/li>\n<\/ul>\n<p><a href=\"https:\/\/agora.xtec.cat\/escolamestralvilanova\/wp-content\/uploads\/usu729\/2022\/05\/odin-bona-2.jpg\"><img loading=\"lazy\" decoding=\"async\" class=\"alignnone size-full wp-image-7030\" src=\"https:\/\/agora.xtec.cat\/escolamestralvilanova\/wp-content\/uploads\/usu729\/2022\/05\/odin-bona-2.jpg\" alt=\"\" width=\"1024\" height=\"768\" srcset=\"https:\/\/agora.xtec.cat\/escolamestralvilanova\/wp-content\/uploads\/usu729\/2022\/05\/odin-bona-2.jpg 1024w, https:\/\/agora.xtec.cat\/escolamestralvilanova\/wp-content\/uploads\/usu729\/2022\/05\/odin-bona-2-300x225.jpg 300w, https:\/\/agora.xtec.cat\/escolamestralvilanova\/wp-content\/uploads\/usu729\/2022\/05\/odin-bona-2-768x576.jpg 768w, https:\/\/agora.xtec.cat\/escolamestralvilanova\/wp-content\/uploads\/usu729\/2022\/05\/odin-bona-2-200x150.jpg 200w\" sizes=\"auto, (max-width: 1024px) 100vw, 1024px\" \/><\/a><\/p>\n<p>&nbsp;<\/p>\n","protected":false},"excerpt":{"rendered":"<p>Avui l&#8217;Od\u00edn ens ha presentat la seva CAPSA DE VIDA. Tots els infants s&#8217;han mostrat molt motivats i encuriosits per all\u00f2 que havia posat el seu company dins la\u00a0 capsa.<br \/>\nL&#8217;Od\u00edn ens ha presentat una s\u00e8rie d\u2019objectes importants per ell. Ens ha portat joguines de quan&hellip;  <a href=\"https:\/\/agora.xtec.cat\/escolamestralvilanova\/general\/la-capsa-de-vida-de-lodin\/\" title=\"Read LA CAPSA DE VIDA DE L&#8217;OD\u00cdN!\">Llegeix m\u00e9s\u00bb<\/a><\/p>\n","protected":false},"author":6,"featured_media":0,"comment_status":"open","ping_status":"closed","sticky":false,"template":"","format":"standard","meta":{"_bbp_topic_count":0,"_bbp_reply_count":0,"_bbp_total_topic_count":0,"_bbp_total_reply_count":0,"_bbp_voice_count":0,"_bbp_anonymous_reply_count":0,"_bbp_topic_count_hidden":0,"_bbp_reply_count_hidden":0,"_bbp_forum_subforum_count":0,"footnotes":""},"categories":[10,1,4,5],"tags":[],"class_list":["post-7027","post","type-post","status-publish","format-standard","hentry","category-ei5-primer","category-general","category-portada","category-primaria"],"post_mailing_queue_ids":[],"_links":{"self":[{"href":"https:\/\/agora.xtec.cat\/escolamestralvilanova\/wp-json\/wp\/v2\/posts\/7027","targetHints":{"allow":["GET"]}}],"collection":[{"href":"https:\/\/agora.xtec.cat\/escolamestralvilanova\/wp-json\/wp\/v2\/posts"}],"about":[{"href":"https:\/\/agora.xtec.cat\/escolamestralvilanova\/wp-json\/wp\/v2\/types\/post"}],"author":[{"embeddable":true,"href":"https:\/\/agora.xtec.cat\/escolamestralvilanova\/wp-json\/wp\/v2\/users\/6"}],"replies":[{"embeddable":true,"href":"https:\/\/agora.xtec.cat\/escolamestralvilanova\/wp-json\/wp\/v2\/comments?post=7027"}],"version-history":[{"count":3,"href":"https:\/\/agora.xtec.cat\/escolamestralvilanova\/wp-json\/wp\/v2\/posts\/7027\/revisions"}],"predecessor-version":[{"id":7031,"href":"https:\/\/agora.xtec.cat\/escolamestralvilanova\/wp-json\/wp\/v2\/posts\/7027\/revisions\/7031"}],"wp:attachment":[{"href":"https:\/\/agora.xtec.cat\/escolamestralvilanova\/wp-json\/wp\/v2\/media?parent=7027"}],"wp:term":[{"taxonomy":"category","embeddable":true,"href":"https:\/\/agora.xtec.cat\/escolamestralvilanova\/wp-json\/wp\/v2\/categories?post=7027"},{"taxonomy":"post_tag","embeddable":true,"href":"https:\/\/agora.xtec.cat\/escolamestralvilanova\/wp-json\/wp\/v2\/tags?post=7027"}],"curies":[{"name":"wp","href":"https:\/\/api.w.org\/{rel}","templated":true}]}}