{"id":7016,"date":"2022-05-04T16:08:39","date_gmt":"2022-05-04T14:08:39","guid":{"rendered":"https:\/\/agora.xtec.cat\/escolamestralvilanova\/?p=7016"},"modified":"2022-05-04T16:08:39","modified_gmt":"2022-05-04T14:08:39","slug":"taller-de-robotica-2","status":"publish","type":"post","link":"https:\/\/agora.xtec.cat\/escolamestralvilanova\/portada\/taller-de-robotica-2\/","title":{"rendered":"TALLER DE ROB\u00d2TICA"},"content":{"rendered":"<p>Els nens i nenes de Cicle Superior als tallers matem\u00e0tics estan treballant la rob\u00f2tica. El taller de rob\u00f2tica consisteix en desenvolupar el pensament computacional tot:<\/p>\n<ul>\n<li>Treballant la programaci\u00f3 amb scratch<\/li>\n<li>Elaborant un projecte<\/li>\n<\/ul>\n<p>Tot seguit us mostrem algunes imatges dels projectes elaborats!<\/p>\n<ul>\n<li><a href=\"https:\/\/photos.app.goo.gl\/7nyccoDJkWdKm2uw8\">ENLLA\u00c7 AL V\u00cdDEO 1<\/a><\/li>\n<\/ul>\n<p><a href=\"https:\/\/photos.app.goo.gl\/WFhVC73KJ9Lf3XSa6\"><img loading=\"lazy\" decoding=\"async\" class=\"alignnone size-medium wp-image-7017\" src=\"https:\/\/agora.xtec.cat\/escolamestralvilanova\/wp-content\/uploads\/usu729\/2022\/05\/Imatge1-300x211.png\" alt=\"\" width=\"300\" height=\"211\" srcset=\"https:\/\/agora.xtec.cat\/escolamestralvilanova\/wp-content\/uploads\/usu729\/2022\/05\/Imatge1-300x211.png 300w, https:\/\/agora.xtec.cat\/escolamestralvilanova\/wp-content\/uploads\/usu729\/2022\/05\/Imatge1-1024x721.png 1024w, https:\/\/agora.xtec.cat\/escolamestralvilanova\/wp-content\/uploads\/usu729\/2022\/05\/Imatge1-768x540.png 768w, https:\/\/agora.xtec.cat\/escolamestralvilanova\/wp-content\/uploads\/usu729\/2022\/05\/Imatge1.png 1276w\" sizes=\"auto, (max-width: 300px) 100vw, 300px\" \/><\/a><\/p>\n","protected":false},"excerpt":{"rendered":"<p>Els nens i nenes de Cicle Superior als tallers matem\u00e0tics estan treballant la rob\u00f2tica. El taller de rob\u00f2tica consisteix en desenvolupar el pensament computacional tot:<\/p>\n<ul>\n<li>Treballant la programaci\u00f3 amb scratch<\/li>\n<li>Elaborant un projecte<\/li>\n<\/ul>\n<p>Tot seguit us mostrem algunes imatges dels projectes elaborats!<\/p>\n<ul>\n<li><a href=\"https:\/\/photos.app.goo.gl\/7nyccoDJkWdKm2uw8\">ENLLA\u00c7 AL V\u00cdDEO 1<\/a><\/li>\n<\/ul>\n<p><a href=\"https:\/\/photos.app.goo.gl\/WFhVC73KJ9Lf3XSa6\"><\/a><\/p>\n","protected":false},"author":1,"featured_media":0,"comment_status":"open","ping_status":"closed","sticky":false,"template":"","format":"standard","meta":{"_bbp_topic_count":0,"_bbp_reply_count":0,"_bbp_total_topic_count":0,"_bbp_total_reply_count":0,"_bbp_voice_count":0,"_bbp_anonymous_reply_count":0,"_bbp_topic_count_hidden":0,"_bbp_reply_count_hidden":0,"_bbp_forum_subforum_count":0,"footnotes":""},"categories":[13,15,4,5],"tags":[],"class_list":["post-7016","post","type-post","status-publish","format-standard","hentry","category-cinque","category-cicle-superior","category-portada","category-primaria"],"post_mailing_queue_ids":[],"_links":{"self":[{"href":"https:\/\/agora.xtec.cat\/escolamestralvilanova\/wp-json\/wp\/v2\/posts\/7016","targetHints":{"allow":["GET"]}}],"collection":[{"href":"https:\/\/agora.xtec.cat\/escolamestralvilanova\/wp-json\/wp\/v2\/posts"}],"about":[{"href":"https:\/\/agora.xtec.cat\/escolamestralvilanova\/wp-json\/wp\/v2\/types\/post"}],"author":[{"embeddable":true,"href":"https:\/\/agora.xtec.cat\/escolamestralvilanova\/wp-json\/wp\/v2\/users\/1"}],"replies":[{"embeddable":true,"href":"https:\/\/agora.xtec.cat\/escolamestralvilanova\/wp-json\/wp\/v2\/comments?post=7016"}],"version-history":[{"count":1,"href":"https:\/\/agora.xtec.cat\/escolamestralvilanova\/wp-json\/wp\/v2\/posts\/7016\/revisions"}],"predecessor-version":[{"id":7018,"href":"https:\/\/agora.xtec.cat\/escolamestralvilanova\/wp-json\/wp\/v2\/posts\/7016\/revisions\/7018"}],"wp:attachment":[{"href":"https:\/\/agora.xtec.cat\/escolamestralvilanova\/wp-json\/wp\/v2\/media?parent=7016"}],"wp:term":[{"taxonomy":"category","embeddable":true,"href":"https:\/\/agora.xtec.cat\/escolamestralvilanova\/wp-json\/wp\/v2\/categories?post=7016"},{"taxonomy":"post_tag","embeddable":true,"href":"https:\/\/agora.xtec.cat\/escolamestralvilanova\/wp-json\/wp\/v2\/tags?post=7016"}],"curies":[{"name":"wp","href":"https:\/\/api.w.org\/{rel}","templated":true}]}}