{"id":7013,"date":"2022-05-03T23:37:32","date_gmt":"2022-05-03T21:37:32","guid":{"rendered":"https:\/\/agora.xtec.cat\/escolamestralvilanova\/?p=7013"},"modified":"2022-05-03T23:37:51","modified_gmt":"2022-05-03T21:37:51","slug":"ens-visiten-tortugues","status":"publish","type":"post","link":"https:\/\/agora.xtec.cat\/escolamestralvilanova\/infantil\/ens-visiten-tortugues\/","title":{"rendered":"ENS VISITEN TORTUGUES"},"content":{"rendered":"<p>Aprofitant que durant la sortida que vam fer fa unes setmanes un ve\u00ed ens va ensenyar unes TORTUGUES terrestres, ens va entrar curiositat i vam demanar a les fam\u00edlies que ens ajudessin a con\u00e8ixer-les millor!<\/p>\n<p>Avui, el Gen\u00eds i la Lia han portat les seves tortugues AQU\u00c0TIQUES. Hem apr\u00e8s moltes coses d&#8217;elles:<br \/>\n&#8211; Que mengen gambetes i altres animalets (els hi hem donat menjar)<br \/>\n&#8211; Que tenen una closca molt dura per protegir-se<br \/>\n&#8211; Que s\u00f3n de color verd i marr\u00f3&#8230;<br \/>\nEns ha agradat molt tenir-les a l&#8217;aula i poder veure el seu comportament!<\/p>\n<p>Fa uns dies l&#8217;\u00cfu i el Leo ens van portar uns contes on apareixien unes tortugues i els vam explicar!<\/p>\n<p>Moltes gr\u00e0cies fam\u00edlies, continuarem aprenent!!<\/p>\n<ul>\n<li><a href=\"https:\/\/photos.app.goo.gl\/JbXUTdxsoMBGWGWX8\">ENLLA\u00c7 A LES FOTOGRAFIES<\/a><\/li>\n<\/ul>\n<p><a href=\"https:\/\/photos.app.goo.gl\/JbXUTdxsoMBGWGWX8\"><img loading=\"lazy\" decoding=\"async\" class=\"alignnone size-medium wp-image-7014\" src=\"https:\/\/agora.xtec.cat\/escolamestralvilanova\/wp-content\/uploads\/usu729\/2022\/05\/ccaf82e8-8861-49d6-aefe-2b7c6f69281d-300x225.jpg\" alt=\"\" width=\"300\" height=\"225\" srcset=\"https:\/\/agora.xtec.cat\/escolamestralvilanova\/wp-content\/uploads\/usu729\/2022\/05\/ccaf82e8-8861-49d6-aefe-2b7c6f69281d-300x225.jpg 300w, https:\/\/agora.xtec.cat\/escolamestralvilanova\/wp-content\/uploads\/usu729\/2022\/05\/ccaf82e8-8861-49d6-aefe-2b7c6f69281d-1024x768.jpg 1024w, https:\/\/agora.xtec.cat\/escolamestralvilanova\/wp-content\/uploads\/usu729\/2022\/05\/ccaf82e8-8861-49d6-aefe-2b7c6f69281d-768x576.jpg 768w, https:\/\/agora.xtec.cat\/escolamestralvilanova\/wp-content\/uploads\/usu729\/2022\/05\/ccaf82e8-8861-49d6-aefe-2b7c6f69281d-1536x1152.jpg 1536w, https:\/\/agora.xtec.cat\/escolamestralvilanova\/wp-content\/uploads\/usu729\/2022\/05\/ccaf82e8-8861-49d6-aefe-2b7c6f69281d-200x150.jpg 200w, https:\/\/agora.xtec.cat\/escolamestralvilanova\/wp-content\/uploads\/usu729\/2022\/05\/ccaf82e8-8861-49d6-aefe-2b7c6f69281d.jpg 2016w\" sizes=\"auto, (max-width: 300px) 100vw, 300px\" \/><\/a><\/p>\n","protected":false},"excerpt":{"rendered":"<p>Aprofitant que durant la sortida que vam fer fa unes setmanes un ve\u00ed ens va ensenyar unes TORTUGUES terrestres, ens va entrar curiositat i vam demanar a les fam\u00edlies que ens ajudessin a con\u00e8ixer-les millor!<br \/>\nAvui, el Gen\u00eds i la Lia han portat les seves tortugues&hellip;  <a href=\"https:\/\/agora.xtec.cat\/escolamestralvilanova\/infantil\/ens-visiten-tortugues\/\" title=\"Read ENS VISITEN TORTUGUES\">Llegeix m\u00e9s\u00bb<\/a><\/p>\n","protected":false},"author":1,"featured_media":0,"comment_status":"open","ping_status":"closed","sticky":false,"template":"","format":"standard","meta":{"_bbp_topic_count":0,"_bbp_reply_count":0,"_bbp_total_topic_count":0,"_bbp_total_reply_count":0,"_bbp_voice_count":0,"_bbp_anonymous_reply_count":0,"_bbp_topic_count_hidden":0,"_bbp_reply_count_hidden":0,"_bbp_forum_subforum_count":0,"footnotes":""},"categories":[14,59,2,4],"tags":[],"class_list":["post-7013","post","type-post","status-publish","format-standard","hentry","category-ei1-ei2","category-primer-cicle-ed-infantil","category-infantil","category-portada"],"post_mailing_queue_ids":[],"_links":{"self":[{"href":"https:\/\/agora.xtec.cat\/escolamestralvilanova\/wp-json\/wp\/v2\/posts\/7013","targetHints":{"allow":["GET"]}}],"collection":[{"href":"https:\/\/agora.xtec.cat\/escolamestralvilanova\/wp-json\/wp\/v2\/posts"}],"about":[{"href":"https:\/\/agora.xtec.cat\/escolamestralvilanova\/wp-json\/wp\/v2\/types\/post"}],"author":[{"embeddable":true,"href":"https:\/\/agora.xtec.cat\/escolamestralvilanova\/wp-json\/wp\/v2\/users\/1"}],"replies":[{"embeddable":true,"href":"https:\/\/agora.xtec.cat\/escolamestralvilanova\/wp-json\/wp\/v2\/comments?post=7013"}],"version-history":[{"count":1,"href":"https:\/\/agora.xtec.cat\/escolamestralvilanova\/wp-json\/wp\/v2\/posts\/7013\/revisions"}],"predecessor-version":[{"id":7015,"href":"https:\/\/agora.xtec.cat\/escolamestralvilanova\/wp-json\/wp\/v2\/posts\/7013\/revisions\/7015"}],"wp:attachment":[{"href":"https:\/\/agora.xtec.cat\/escolamestralvilanova\/wp-json\/wp\/v2\/media?parent=7013"}],"wp:term":[{"taxonomy":"category","embeddable":true,"href":"https:\/\/agora.xtec.cat\/escolamestralvilanova\/wp-json\/wp\/v2\/categories?post=7013"},{"taxonomy":"post_tag","embeddable":true,"href":"https:\/\/agora.xtec.cat\/escolamestralvilanova\/wp-json\/wp\/v2\/tags?post=7013"}],"curies":[{"name":"wp","href":"https:\/\/api.w.org\/{rel}","templated":true}]}}