{"id":6986,"date":"2022-04-28T16:23:24","date_gmt":"2022-04-28T14:23:24","guid":{"rendered":"https:\/\/agora.xtec.cat\/escolamestralvilanova\/?p=6986"},"modified":"2022-04-28T16:23:53","modified_gmt":"2022-04-28T14:23:53","slug":"racons-lletres","status":"publish","type":"post","link":"https:\/\/agora.xtec.cat\/escolamestralvilanova\/infantil\/racons-lletres\/","title":{"rendered":"RACONS LLETRES"},"content":{"rendered":"<p>Avui els infants d&#8217;EI2 han treballat la inicial del seu nom jugant per racons:<\/p>\n<p>&#8211; Identificar-la d&#8217;entre unes quantes lletres grosses.<br \/>\n&#8211; Buscar-la dins d&#8217;una safata plena de sal de colors! Alguns tamb\u00e9 han volgut composar el seu nom i resseguir la seva inicial a la sorra. Quan han acabat han experimentat lliurement amb la sal amb altres estris!!<\/p>\n<p>Els m\u00e9s petits han buscat tresors dins d&#8217;un altra safata amb sal i s&#8217;ho han passat d&#8217;all\u00f2 m\u00e9s b\u00e9!!<\/p>\n<ul>\n<li><a href=\"https:\/\/photos.app.goo.gl\/6rsxZ1Q7ZasC3Nn37\"><span style=\"font-family: inherit; font-size: 1em;\">ENLLA\u00c7 A LES FOTOGRAFIES<\/span><\/a><\/li>\n<\/ul>\n<p><a href=\"https:\/\/photos.app.goo.gl\/6rsxZ1Q7ZasC3Nn37\"><img loading=\"lazy\" decoding=\"async\" class=\"alignnone size-medium wp-image-6987\" src=\"https:\/\/agora.xtec.cat\/escolamestralvilanova\/wp-content\/uploads\/usu729\/2022\/04\/PHOTO-2022-04-28-14-58-31-300x210.jpg\" alt=\"\" width=\"300\" height=\"210\" srcset=\"https:\/\/agora.xtec.cat\/escolamestralvilanova\/wp-content\/uploads\/usu729\/2022\/04\/PHOTO-2022-04-28-14-58-31-300x210.jpg 300w, https:\/\/agora.xtec.cat\/escolamestralvilanova\/wp-content\/uploads\/usu729\/2022\/04\/PHOTO-2022-04-28-14-58-31-1024x717.jpg 1024w, https:\/\/agora.xtec.cat\/escolamestralvilanova\/wp-content\/uploads\/usu729\/2022\/04\/PHOTO-2022-04-28-14-58-31-768x538.jpg 768w, https:\/\/agora.xtec.cat\/escolamestralvilanova\/wp-content\/uploads\/usu729\/2022\/04\/PHOTO-2022-04-28-14-58-31-1536x1075.jpg 1536w, https:\/\/agora.xtec.cat\/escolamestralvilanova\/wp-content\/uploads\/usu729\/2022\/04\/PHOTO-2022-04-28-14-58-31.jpg 2016w\" sizes=\"auto, (max-width: 300px) 100vw, 300px\" \/><\/a><\/p>\n","protected":false},"excerpt":{"rendered":"<p>Avui els infants d&#8217;EI2 han treballat la inicial del seu nom jugant per racons:<br \/>\n&#8211; Identificar-la d&#8217;entre unes quantes lletres grosses.<br \/>\n&#8211; Buscar-la dins d&#8217;una safata plena de sal de colors! Alguns tamb\u00e9 han volgut composar el seu nom i resseguir la seva inicial a la sorra.&hellip;  <a href=\"https:\/\/agora.xtec.cat\/escolamestralvilanova\/infantil\/racons-lletres\/\" title=\"Read RACONS LLETRES\">Llegeix m\u00e9s\u00bb<\/a><\/p>\n","protected":false},"author":1,"featured_media":0,"comment_status":"open","ping_status":"closed","sticky":false,"template":"","format":"standard","meta":{"_bbp_topic_count":0,"_bbp_reply_count":0,"_bbp_total_topic_count":0,"_bbp_total_reply_count":0,"_bbp_voice_count":0,"_bbp_anonymous_reply_count":0,"_bbp_topic_count_hidden":0,"_bbp_reply_count_hidden":0,"_bbp_forum_subforum_count":0,"footnotes":""},"categories":[14,59,2,4],"tags":[],"class_list":["post-6986","post","type-post","status-publish","format-standard","hentry","category-ei1-ei2","category-primer-cicle-ed-infantil","category-infantil","category-portada"],"post_mailing_queue_ids":[],"_links":{"self":[{"href":"https:\/\/agora.xtec.cat\/escolamestralvilanova\/wp-json\/wp\/v2\/posts\/6986","targetHints":{"allow":["GET"]}}],"collection":[{"href":"https:\/\/agora.xtec.cat\/escolamestralvilanova\/wp-json\/wp\/v2\/posts"}],"about":[{"href":"https:\/\/agora.xtec.cat\/escolamestralvilanova\/wp-json\/wp\/v2\/types\/post"}],"author":[{"embeddable":true,"href":"https:\/\/agora.xtec.cat\/escolamestralvilanova\/wp-json\/wp\/v2\/users\/1"}],"replies":[{"embeddable":true,"href":"https:\/\/agora.xtec.cat\/escolamestralvilanova\/wp-json\/wp\/v2\/comments?post=6986"}],"version-history":[{"count":2,"href":"https:\/\/agora.xtec.cat\/escolamestralvilanova\/wp-json\/wp\/v2\/posts\/6986\/revisions"}],"predecessor-version":[{"id":6989,"href":"https:\/\/agora.xtec.cat\/escolamestralvilanova\/wp-json\/wp\/v2\/posts\/6986\/revisions\/6989"}],"wp:attachment":[{"href":"https:\/\/agora.xtec.cat\/escolamestralvilanova\/wp-json\/wp\/v2\/media?parent=6986"}],"wp:term":[{"taxonomy":"category","embeddable":true,"href":"https:\/\/agora.xtec.cat\/escolamestralvilanova\/wp-json\/wp\/v2\/categories?post=6986"},{"taxonomy":"post_tag","embeddable":true,"href":"https:\/\/agora.xtec.cat\/escolamestralvilanova\/wp-json\/wp\/v2\/tags?post=6986"}],"curies":[{"name":"wp","href":"https:\/\/api.w.org\/{rel}","templated":true}]}}