{"id":6969,"date":"2022-04-25T16:13:44","date_gmt":"2022-04-25T14:13:44","guid":{"rendered":"https:\/\/agora.xtec.cat\/escolamestralvilanova\/?p=6969"},"modified":"2022-04-25T16:13:44","modified_gmt":"2022-04-25T14:13:44","slug":"treball-del-cos","status":"publish","type":"post","link":"https:\/\/agora.xtec.cat\/escolamestralvilanova\/infantil\/treball-del-cos\/","title":{"rendered":"TREBALL DEL COS"},"content":{"rendered":"<p dir=\"auto\" style=\"text-align: justify;\">Aquest mat\u00ed a la classe d&#8217;EI3 i EI4 hem tingut una sorpresa molt especial. Al lloc de la rotllana hi havia una capsa amb unes estrelles i unes lletres: &#8220;KUAIS&#8221;.<\/p>\n<p dir=\"auto\" style=\"text-align: justify;\">Despr\u00e9s de molt pensar qu\u00e8 podia ser o qui l&#8217;havia pogut portar l&#8217;hem obert: a dins hi havia una carta!<\/p>\n<p dir=\"auto\" style=\"text-align: justify;\">El\/la Kuais ens explicava que viu a les estrelles i que volia venir a coneixer-nos, per\u00f2 nom\u00e9s ho aconseguir\u00e0 si nosaltres l&#8217;ajudem.<\/p>\n<p dir=\"auto\" style=\"text-align: justify;\">Per fer-ho, setmanalment anir\u00e0 enviant-nos una part del cos que anirem treballant i aix\u00ed poc a poc l&#8217;anirem construint.<\/p>\n<p dir=\"auto\" style=\"text-align: justify;\">\u00a0Estem molt emocionats per comen\u00e7ar!<\/p>\n<p dir=\"auto\"><a href=\"https:\/\/agora.xtec.cat\/escolamestralvilanova\/wp-content\/uploads\/usu729\/2022\/04\/20220425_092418.jpg\"><img loading=\"lazy\" decoding=\"async\" class=\"alignnone wp-image-6970 size-medium\" src=\"https:\/\/agora.xtec.cat\/escolamestralvilanova\/wp-content\/uploads\/usu729\/2022\/04\/20220425_092418-300x225.jpg\" alt=\"\" width=\"300\" height=\"225\" srcset=\"https:\/\/agora.xtec.cat\/escolamestralvilanova\/wp-content\/uploads\/usu729\/2022\/04\/20220425_092418-300x225.jpg 300w, https:\/\/agora.xtec.cat\/escolamestralvilanova\/wp-content\/uploads\/usu729\/2022\/04\/20220425_092418-200x150.jpg 200w, https:\/\/agora.xtec.cat\/escolamestralvilanova\/wp-content\/uploads\/usu729\/2022\/04\/20220425_092418.jpg 640w\" sizes=\"auto, (max-width: 300px) 100vw, 300px\" \/><\/a><\/p>\n","protected":false},"excerpt":{"rendered":"<p>Aquest mat\u00ed a la classe d&#8217;EI3 i EI4 hem tingut una sorpresa molt especial. Al lloc de la rotllana hi havia una capsa amb unes estrelles i unes lletres: &#8220;KUAIS&#8221;.<br \/>\nDespr\u00e9s de molt pensar qu\u00e8 podia ser o qui l&#8217;havia pogut portar l&#8217;hem obert: a dins&hellip;  <a href=\"https:\/\/agora.xtec.cat\/escolamestralvilanova\/infantil\/treball-del-cos\/\" title=\"Read TREBALL DEL COS\">Llegeix m\u00e9s\u00bb<\/a><\/p>\n","protected":false},"author":1,"featured_media":0,"comment_status":"open","ping_status":"closed","sticky":false,"template":"","format":"standard","meta":{"_bbp_topic_count":0,"_bbp_reply_count":0,"_bbp_total_topic_count":0,"_bbp_total_reply_count":0,"_bbp_voice_count":0,"_bbp_anonymous_reply_count":0,"_bbp_topic_count_hidden":0,"_bbp_reply_count_hidden":0,"_bbp_forum_subforum_count":0,"footnotes":""},"categories":[3,8,2,4],"tags":[],"class_list":["post-6969","post","type-post","status-publish","format-standard","hentry","category-ei3-ei4-ei5","category-ei4","category-infantil","category-portada"],"post_mailing_queue_ids":[],"_links":{"self":[{"href":"https:\/\/agora.xtec.cat\/escolamestralvilanova\/wp-json\/wp\/v2\/posts\/6969","targetHints":{"allow":["GET"]}}],"collection":[{"href":"https:\/\/agora.xtec.cat\/escolamestralvilanova\/wp-json\/wp\/v2\/posts"}],"about":[{"href":"https:\/\/agora.xtec.cat\/escolamestralvilanova\/wp-json\/wp\/v2\/types\/post"}],"author":[{"embeddable":true,"href":"https:\/\/agora.xtec.cat\/escolamestralvilanova\/wp-json\/wp\/v2\/users\/1"}],"replies":[{"embeddable":true,"href":"https:\/\/agora.xtec.cat\/escolamestralvilanova\/wp-json\/wp\/v2\/comments?post=6969"}],"version-history":[{"count":1,"href":"https:\/\/agora.xtec.cat\/escolamestralvilanova\/wp-json\/wp\/v2\/posts\/6969\/revisions"}],"predecessor-version":[{"id":6971,"href":"https:\/\/agora.xtec.cat\/escolamestralvilanova\/wp-json\/wp\/v2\/posts\/6969\/revisions\/6971"}],"wp:attachment":[{"href":"https:\/\/agora.xtec.cat\/escolamestralvilanova\/wp-json\/wp\/v2\/media?parent=6969"}],"wp:term":[{"taxonomy":"category","embeddable":true,"href":"https:\/\/agora.xtec.cat\/escolamestralvilanova\/wp-json\/wp\/v2\/categories?post=6969"},{"taxonomy":"post_tag","embeddable":true,"href":"https:\/\/agora.xtec.cat\/escolamestralvilanova\/wp-json\/wp\/v2\/tags?post=6969"}],"curies":[{"name":"wp","href":"https:\/\/api.w.org\/{rel}","templated":true}]}}