{"id":6935,"date":"2022-04-08T15:35:34","date_gmt":"2022-04-08T13:35:34","guid":{"rendered":"https:\/\/agora.xtec.cat\/escolamestralvilanova\/?p=6935"},"modified":"2022-04-08T18:56:54","modified_gmt":"2022-04-08T16:56:54","slug":"anem-de-colonies","status":"publish","type":"post","link":"https:\/\/agora.xtec.cat\/escolamestralvilanova\/infantil\/anem-de-colonies\/","title":{"rendered":"ANEM DE COL\u00d2NIES"},"content":{"rendered":"<p>Al tornar de vacances, els dies:<\/p>\n<ul>\n<li>Del 20 al 22 d&#8217;abril C.Mitj\u00e0 i C.Superior<\/li>\n<li>Del 21 al 22 d&#8217;abril Ed.Infantil i C.Inicial<\/li>\n<\/ul>\n<p>Anirem de col\u00f2nies a la Finca Tamarit!<\/p>\n<p>Per la qual cosa us adjuntem una presentaci\u00f3 que han preparat els alumnes de cinqu\u00e8 i un tr\u00edptic informatiu amb la informaci\u00f3 m\u00e9s rellevant sobre aquests dies.<\/p>\n<ul>\n<li><a href=\"https:\/\/drive.google.com\/file\/d\/1kcqEXej0Gap_IgmwC5SKE9BOyodq4iOr\/view?usp=sharing\">ENLLA\u00c7 A LA PRESENTACI\u00d3<\/a><\/li>\n<\/ul>\n<p><a href=\"https:\/\/agora.xtec.cat\/escolamestralvilanova\/wp-content\/uploads\/usu729\/2022\/04\/1.png\"><img loading=\"lazy\" decoding=\"async\" class=\"alignnone wp-image-6936 size-medium\" src=\"https:\/\/agora.xtec.cat\/escolamestralvilanova\/wp-content\/uploads\/usu729\/2022\/04\/1-300x212.png\" alt=\"\" width=\"300\" height=\"212\" srcset=\"https:\/\/agora.xtec.cat\/escolamestralvilanova\/wp-content\/uploads\/usu729\/2022\/04\/1-300x212.png 300w, https:\/\/agora.xtec.cat\/escolamestralvilanova\/wp-content\/uploads\/usu729\/2022\/04\/1-1024x724.png 1024w, https:\/\/agora.xtec.cat\/escolamestralvilanova\/wp-content\/uploads\/usu729\/2022\/04\/1-768x543.png 768w, https:\/\/agora.xtec.cat\/escolamestralvilanova\/wp-content\/uploads\/usu729\/2022\/04\/1-1536x1086.png 1536w, https:\/\/agora.xtec.cat\/escolamestralvilanova\/wp-content\/uploads\/usu729\/2022\/04\/1.png 2000w\" sizes=\"auto, (max-width: 300px) 100vw, 300px\" \/> \u00a0<\/a><\/p>\n<p><a href=\"https:\/\/agora.xtec.cat\/escolamestralvilanova\/wp-content\/uploads\/usu729\/2022\/04\/2.png\"><img loading=\"lazy\" decoding=\"async\" class=\"alignnone wp-image-6937 size-medium\" src=\"https:\/\/agora.xtec.cat\/escolamestralvilanova\/wp-content\/uploads\/usu729\/2022\/04\/2-300x212.png\" alt=\"\" width=\"300\" height=\"212\" srcset=\"https:\/\/agora.xtec.cat\/escolamestralvilanova\/wp-content\/uploads\/usu729\/2022\/04\/2-300x212.png 300w, https:\/\/agora.xtec.cat\/escolamestralvilanova\/wp-content\/uploads\/usu729\/2022\/04\/2-1024x724.png 1024w, https:\/\/agora.xtec.cat\/escolamestralvilanova\/wp-content\/uploads\/usu729\/2022\/04\/2-768x543.png 768w, https:\/\/agora.xtec.cat\/escolamestralvilanova\/wp-content\/uploads\/usu729\/2022\/04\/2-1536x1086.png 1536w, https:\/\/agora.xtec.cat\/escolamestralvilanova\/wp-content\/uploads\/usu729\/2022\/04\/2.png 2000w\" sizes=\"auto, (max-width: 300px) 100vw, 300px\" \/><\/a><\/p>\n<p>&nbsp;<\/p>\n<p>&nbsp;<\/p>\n","protected":false},"excerpt":{"rendered":"<p>Al tornar de vacances, els dies:<\/p>\n<ul>\n<li>Del 20 al 22 d&#8217;abril C.Mitj\u00e0 i C.Superior<\/li>\n<li>Del 21 al 22 d&#8217;abril Ed.Infantil i C.Inicial<\/li>\n<\/ul>\n<p>Anirem de col\u00f2nies a la Finca Tamarit!<br \/>\nPer la qual cosa us adjuntem una presentaci\u00f3 que han preparat els alumnes de cinqu\u00e8 i un tr\u00edptic informatiu amb&hellip;  <a href=\"https:\/\/agora.xtec.cat\/escolamestralvilanova\/infantil\/anem-de-colonies\/\" title=\"Read ANEM DE COL\u00d2NIES\">Llegeix m\u00e9s\u00bb<\/a><\/p>\n","protected":false},"author":1,"featured_media":0,"comment_status":"open","ping_status":"closed","sticky":false,"template":"","format":"standard","meta":{"_bbp_topic_count":0,"_bbp_reply_count":0,"_bbp_total_topic_count":0,"_bbp_total_reply_count":0,"_bbp_voice_count":0,"_bbp_anonymous_reply_count":0,"_bbp_topic_count_hidden":0,"_bbp_reply_count_hidden":0,"_bbp_forum_subforum_count":0,"footnotes":""},"categories":[13,11,12,15,3,8,10,2,4,5],"tags":[],"class_list":["post-6935","post","type-post","status-publish","format-standard","hentry","category-cinque","category-cicle-inicial","category-tercer-quart","category-cicle-superior","category-ei3-ei4-ei5","category-ei4","category-ei5-primer","category-infantil","category-portada","category-primaria"],"post_mailing_queue_ids":[],"_links":{"self":[{"href":"https:\/\/agora.xtec.cat\/escolamestralvilanova\/wp-json\/wp\/v2\/posts\/6935","targetHints":{"allow":["GET"]}}],"collection":[{"href":"https:\/\/agora.xtec.cat\/escolamestralvilanova\/wp-json\/wp\/v2\/posts"}],"about":[{"href":"https:\/\/agora.xtec.cat\/escolamestralvilanova\/wp-json\/wp\/v2\/types\/post"}],"author":[{"embeddable":true,"href":"https:\/\/agora.xtec.cat\/escolamestralvilanova\/wp-json\/wp\/v2\/users\/1"}],"replies":[{"embeddable":true,"href":"https:\/\/agora.xtec.cat\/escolamestralvilanova\/wp-json\/wp\/v2\/comments?post=6935"}],"version-history":[{"count":2,"href":"https:\/\/agora.xtec.cat\/escolamestralvilanova\/wp-json\/wp\/v2\/posts\/6935\/revisions"}],"predecessor-version":[{"id":6939,"href":"https:\/\/agora.xtec.cat\/escolamestralvilanova\/wp-json\/wp\/v2\/posts\/6935\/revisions\/6939"}],"wp:attachment":[{"href":"https:\/\/agora.xtec.cat\/escolamestralvilanova\/wp-json\/wp\/v2\/media?parent=6935"}],"wp:term":[{"taxonomy":"category","embeddable":true,"href":"https:\/\/agora.xtec.cat\/escolamestralvilanova\/wp-json\/wp\/v2\/categories?post=6935"},{"taxonomy":"post_tag","embeddable":true,"href":"https:\/\/agora.xtec.cat\/escolamestralvilanova\/wp-json\/wp\/v2\/tags?post=6935"}],"curies":[{"name":"wp","href":"https:\/\/api.w.org\/{rel}","templated":true}]}}