{"id":6926,"date":"2022-04-07T10:51:43","date_gmt":"2022-04-07T08:51:43","guid":{"rendered":"https:\/\/agora.xtec.cat\/escolamestralvilanova\/?p=6926"},"modified":"2022-04-07T10:52:20","modified_gmt":"2022-04-07T08:52:20","slug":"els-arbres-del-pati","status":"publish","type":"post","link":"https:\/\/agora.xtec.cat\/escolamestralvilanova\/portada\/els-arbres-del-pati\/","title":{"rendered":"ELS ARBRES DEL PATI"},"content":{"rendered":"<p>Els alumnes de Cicle Superior, als tallers de Medi, hem estat treballant els arbres del pati.<\/p>\n<p>Aix\u00ed, a partir de l&#8217;observaci\u00f3 i de la recerca d&#8217;informaci\u00f3 hem fet un mapa interactiu tot descrivint els arbres que hi ha al pati de l&#8217;escola.<\/p>\n<p>Esperem que us agradi!<\/p>\n<pre><a href=\"https:\/\/www.google.com\/maps\/d\/viewer?mid=1M3N2vop04J0zalUc2y_mm2UjJCCoHqwm&amp;ll=41.69075365008808%2C0.7270707499999851&amp;z=20\"><img loading=\"lazy\" decoding=\"async\" class=\"alignnone wp-image-6927\" src=\"https:\/\/agora.xtec.cat\/escolamestralvilanova\/wp-content\/uploads\/usu729\/2022\/04\/ARBRE-PATI-ESCOLA-300x210.png\" alt=\"\" width=\"337\" height=\"236\" srcset=\"https:\/\/agora.xtec.cat\/escolamestralvilanova\/wp-content\/uploads\/usu729\/2022\/04\/ARBRE-PATI-ESCOLA-300x210.png 300w, https:\/\/agora.xtec.cat\/escolamestralvilanova\/wp-content\/uploads\/usu729\/2022\/04\/ARBRE-PATI-ESCOLA.png 640w\" sizes=\"auto, (max-width: 337px) 100vw, 337px\" \/><\/a> \r\n\r\n\r\nClicant a la imatge podreu accedir al mapa interactiu<\/pre>\n","protected":false},"excerpt":{"rendered":"<p>Els alumnes de Cicle Superior, als tallers de Medi, hem estat treballant els arbres del pati.<br \/>\nAix\u00ed, a partir de l&#8217;observaci\u00f3 i de la recerca d&#8217;informaci\u00f3 hem fet un mapa interactiu tot descrivint els arbres que hi ha al pati de l&#8217;escola.<br \/>\nEsperem que us agradi!<br \/>\n<a href=\"https:\/\/www.google.com\/maps\/d\/viewer?mid=1M3N2vop04J0zalUc2y_mm2UjJCCoHqwm&amp;ll=41.69075365008808%2C0.7270707499999851&amp;z=20\"><\/a>&hellip;  <a href=\"https:\/\/agora.xtec.cat\/escolamestralvilanova\/portada\/els-arbres-del-pati\/\" title=\"Read ELS ARBRES DEL PATI\">Llegeix m\u00e9s\u00bb<\/a><\/p>\n","protected":false},"author":1,"featured_media":0,"comment_status":"open","ping_status":"closed","sticky":false,"template":"","format":"standard","meta":{"_bbp_topic_count":0,"_bbp_reply_count":0,"_bbp_total_topic_count":0,"_bbp_total_reply_count":0,"_bbp_voice_count":0,"_bbp_anonymous_reply_count":0,"_bbp_topic_count_hidden":0,"_bbp_reply_count_hidden":0,"_bbp_forum_subforum_count":0,"footnotes":""},"categories":[13,15,4,5],"tags":[],"class_list":["post-6926","post","type-post","status-publish","format-standard","hentry","category-cinque","category-cicle-superior","category-portada","category-primaria"],"post_mailing_queue_ids":[],"_links":{"self":[{"href":"https:\/\/agora.xtec.cat\/escolamestralvilanova\/wp-json\/wp\/v2\/posts\/6926","targetHints":{"allow":["GET"]}}],"collection":[{"href":"https:\/\/agora.xtec.cat\/escolamestralvilanova\/wp-json\/wp\/v2\/posts"}],"about":[{"href":"https:\/\/agora.xtec.cat\/escolamestralvilanova\/wp-json\/wp\/v2\/types\/post"}],"author":[{"embeddable":true,"href":"https:\/\/agora.xtec.cat\/escolamestralvilanova\/wp-json\/wp\/v2\/users\/1"}],"replies":[{"embeddable":true,"href":"https:\/\/agora.xtec.cat\/escolamestralvilanova\/wp-json\/wp\/v2\/comments?post=6926"}],"version-history":[{"count":1,"href":"https:\/\/agora.xtec.cat\/escolamestralvilanova\/wp-json\/wp\/v2\/posts\/6926\/revisions"}],"predecessor-version":[{"id":6928,"href":"https:\/\/agora.xtec.cat\/escolamestralvilanova\/wp-json\/wp\/v2\/posts\/6926\/revisions\/6928"}],"wp:attachment":[{"href":"https:\/\/agora.xtec.cat\/escolamestralvilanova\/wp-json\/wp\/v2\/media?parent=6926"}],"wp:term":[{"taxonomy":"category","embeddable":true,"href":"https:\/\/agora.xtec.cat\/escolamestralvilanova\/wp-json\/wp\/v2\/categories?post=6926"},{"taxonomy":"post_tag","embeddable":true,"href":"https:\/\/agora.xtec.cat\/escolamestralvilanova\/wp-json\/wp\/v2\/tags?post=6926"}],"curies":[{"name":"wp","href":"https:\/\/api.w.org\/{rel}","templated":true}]}}