{"id":6907,"date":"2022-03-31T16:25:20","date_gmt":"2022-03-31T14:25:20","guid":{"rendered":"https:\/\/agora.xtec.cat\/escolamestralvilanova\/?p=6907"},"modified":"2022-03-31T16:25:20","modified_gmt":"2022-03-31T14:25:20","slug":"sortida-escoleta","status":"publish","type":"post","link":"https:\/\/agora.xtec.cat\/escolamestralvilanova\/infantil\/sortida-escoleta\/","title":{"rendered":"SORTIDA ESCOLETA"},"content":{"rendered":"<p>Avui els infants de P1 i P2 de l&#8217;escoleta hem sortit d&#8217;excursi\u00f3 pel poble. Al llarg del cam\u00ed hem trobat floretes, insectes, pedres&#8230;<\/p>\n<p>A m\u00e9s, hem tingut la sort que un ve\u00ed del poble, el Joan, ens ha volgut ensenyar el seu gos Nico i les seves TORTUGUES: el Pepito i la Panxita!<\/p>\n<p>Ens ha explicat que mengen enciam i pernil dol\u00e7. Les hem tocat i hem cantat la can\u00e7\u00f3 de la tortuga que cantem di\u00e0riament.<\/p>\n<p>Ens ha agradat molt i buscarem m\u00e9s informaci\u00f3 sobre aquests animals, us anirem informant!!<\/p>\n<ul>\n<li><a href=\"https:\/\/photos.app.goo.gl\/ES6U66dRVeTbHS7w9\">ENLLA\u00c7 A LES FOTOGRAFIES<\/a><\/li>\n<\/ul>\n<p><a href=\"https:\/\/photos.app.goo.gl\/ES6U66dRVeTbHS7w9\"><img loading=\"lazy\" decoding=\"async\" class=\"alignnone size-medium wp-image-6908\" src=\"https:\/\/agora.xtec.cat\/escolamestralvilanova\/wp-content\/uploads\/usu729\/2022\/03\/PHOTO-2022-03-31-16-19-50-169x300.jpg\" alt=\"\" width=\"169\" height=\"300\" srcset=\"https:\/\/agora.xtec.cat\/escolamestralvilanova\/wp-content\/uploads\/usu729\/2022\/03\/PHOTO-2022-03-31-16-19-50-169x300.jpg 169w, https:\/\/agora.xtec.cat\/escolamestralvilanova\/wp-content\/uploads\/usu729\/2022\/03\/PHOTO-2022-03-31-16-19-50-576x1024.jpg 576w, https:\/\/agora.xtec.cat\/escolamestralvilanova\/wp-content\/uploads\/usu729\/2022\/03\/PHOTO-2022-03-31-16-19-50-768x1366.jpg 768w, https:\/\/agora.xtec.cat\/escolamestralvilanova\/wp-content\/uploads\/usu729\/2022\/03\/PHOTO-2022-03-31-16-19-50-864x1536.jpg 864w, https:\/\/agora.xtec.cat\/escolamestralvilanova\/wp-content\/uploads\/usu729\/2022\/03\/PHOTO-2022-03-31-16-19-50.jpg 899w\" sizes=\"auto, (max-width: 169px) 100vw, 169px\" \/><\/a><\/p>\n","protected":false},"excerpt":{"rendered":"<p>Avui els infants de P1 i P2 de l&#8217;escoleta hem sortit d&#8217;excursi\u00f3 pel poble. Al llarg del cam\u00ed hem trobat floretes, insectes, pedres&#8230;<br \/>\nA m\u00e9s, hem tingut la sort que un ve\u00ed del poble, el Joan, ens ha volgut ensenyar el seu gos Nico i les&hellip;  <a href=\"https:\/\/agora.xtec.cat\/escolamestralvilanova\/infantil\/sortida-escoleta\/\" title=\"Read SORTIDA ESCOLETA\">Llegeix m\u00e9s\u00bb<\/a><\/p>\n","protected":false},"author":1,"featured_media":0,"comment_status":"open","ping_status":"closed","sticky":false,"template":"","format":"standard","meta":{"_bbp_topic_count":0,"_bbp_reply_count":0,"_bbp_total_topic_count":0,"_bbp_total_reply_count":0,"_bbp_voice_count":0,"_bbp_anonymous_reply_count":0,"_bbp_topic_count_hidden":0,"_bbp_reply_count_hidden":0,"_bbp_forum_subforum_count":0,"footnotes":""},"categories":[14,59,2,4],"tags":[],"class_list":["post-6907","post","type-post","status-publish","format-standard","hentry","category-ei1-ei2","category-primer-cicle-ed-infantil","category-infantil","category-portada"],"post_mailing_queue_ids":[],"_links":{"self":[{"href":"https:\/\/agora.xtec.cat\/escolamestralvilanova\/wp-json\/wp\/v2\/posts\/6907","targetHints":{"allow":["GET"]}}],"collection":[{"href":"https:\/\/agora.xtec.cat\/escolamestralvilanova\/wp-json\/wp\/v2\/posts"}],"about":[{"href":"https:\/\/agora.xtec.cat\/escolamestralvilanova\/wp-json\/wp\/v2\/types\/post"}],"author":[{"embeddable":true,"href":"https:\/\/agora.xtec.cat\/escolamestralvilanova\/wp-json\/wp\/v2\/users\/1"}],"replies":[{"embeddable":true,"href":"https:\/\/agora.xtec.cat\/escolamestralvilanova\/wp-json\/wp\/v2\/comments?post=6907"}],"version-history":[{"count":1,"href":"https:\/\/agora.xtec.cat\/escolamestralvilanova\/wp-json\/wp\/v2\/posts\/6907\/revisions"}],"predecessor-version":[{"id":6909,"href":"https:\/\/agora.xtec.cat\/escolamestralvilanova\/wp-json\/wp\/v2\/posts\/6907\/revisions\/6909"}],"wp:attachment":[{"href":"https:\/\/agora.xtec.cat\/escolamestralvilanova\/wp-json\/wp\/v2\/media?parent=6907"}],"wp:term":[{"taxonomy":"category","embeddable":true,"href":"https:\/\/agora.xtec.cat\/escolamestralvilanova\/wp-json\/wp\/v2\/categories?post=6907"},{"taxonomy":"post_tag","embeddable":true,"href":"https:\/\/agora.xtec.cat\/escolamestralvilanova\/wp-json\/wp\/v2\/tags?post=6907"}],"curies":[{"name":"wp","href":"https:\/\/api.w.org\/{rel}","templated":true}]}}