{"id":6887,"date":"2022-03-30T16:23:39","date_gmt":"2022-03-30T14:23:39","guid":{"rendered":"https:\/\/agora.xtec.cat\/escolamestralvilanova\/?p=6887"},"modified":"2022-03-30T16:23:39","modified_gmt":"2022-03-30T14:23:39","slug":"tarraco","status":"publish","type":"post","link":"https:\/\/agora.xtec.cat\/escolamestralvilanova\/general\/tarraco\/","title":{"rendered":"TARRACO"},"content":{"rendered":"<p>Com el proper divendres realitzarem una sortida a Tarragona, els nens i nenes de sis\u00e8 hem estat investigant sobre l&#8217;antiga Tarraco, tot ubicant i les restes romanes m\u00e9s rellevants al mapa, tamb\u00e9 hem fet una recerca.<\/p>\n<p>Finalment, hem compartit les nostres recerques.<\/p>\n<ul>\n<li><a href=\"https:\/\/photos.app.goo.gl\/WDh6tLY8GomaHf7p6\">ENLLA\u00c7 A LES FOTOGRAFIES<\/a><\/li>\n<\/ul>\n<p><a href=\"https:\/\/agora.xtec.cat\/escolamestralvilanova\/wp-content\/uploads\/usu729\/2022\/03\/mapa-tarragona.png\"><img loading=\"lazy\" decoding=\"async\" class=\"alignnone wp-image-6888\" src=\"https:\/\/agora.xtec.cat\/escolamestralvilanova\/wp-content\/uploads\/usu729\/2022\/03\/mapa-tarragona-221x300.png\" alt=\"\" width=\"259\" height=\"352\" srcset=\"https:\/\/agora.xtec.cat\/escolamestralvilanova\/wp-content\/uploads\/usu729\/2022\/03\/mapa-tarragona-221x300.png 221w, https:\/\/agora.xtec.cat\/escolamestralvilanova\/wp-content\/uploads\/usu729\/2022\/03\/mapa-tarragona.png 472w\" sizes=\"auto, (max-width: 259px) 100vw, 259px\" \/><\/a><\/p>\n","protected":false},"excerpt":{"rendered":"<p>Com el proper divendres realitzarem una sortida a Tarragona, els nens i nenes de sis\u00e8 hem estat investigant sobre l&#8217;antiga Tarraco, tot ubicant i les restes romanes m\u00e9s rellevants al mapa, tamb\u00e9 hem fet una recerca.<br \/>\nFinalment, hem compartit les nostres recerques.<\/p>\n<ul>\n<li><a href=\"https:\/\/photos.app.goo.gl\/WDh6tLY8GomaHf7p6\">ENLLA\u00c7 A LES FOTOGRAFIES<\/a><\/li>\n<\/ul>\n<p><a&hellip;  <a href=\"https:\/\/agora.xtec.cat\/escolamestralvilanova\/general\/tarraco\/\" title=\"Read TARRACO\">Llegeix m\u00e9s\u00bb<\/a><\/p>\n","protected":false},"author":1,"featured_media":0,"comment_status":"open","ping_status":"closed","sticky":false,"template":"","format":"standard","meta":{"_bbp_topic_count":0,"_bbp_reply_count":0,"_bbp_total_topic_count":0,"_bbp_total_reply_count":0,"_bbp_voice_count":0,"_bbp_anonymous_reply_count":0,"_bbp_topic_count_hidden":0,"_bbp_reply_count_hidden":0,"_bbp_forum_subforum_count":0,"footnotes":""},"categories":[15,1,4],"tags":[],"class_list":["post-6887","post","type-post","status-publish","format-standard","hentry","category-cicle-superior","category-general","category-portada"],"post_mailing_queue_ids":[],"_links":{"self":[{"href":"https:\/\/agora.xtec.cat\/escolamestralvilanova\/wp-json\/wp\/v2\/posts\/6887","targetHints":{"allow":["GET"]}}],"collection":[{"href":"https:\/\/agora.xtec.cat\/escolamestralvilanova\/wp-json\/wp\/v2\/posts"}],"about":[{"href":"https:\/\/agora.xtec.cat\/escolamestralvilanova\/wp-json\/wp\/v2\/types\/post"}],"author":[{"embeddable":true,"href":"https:\/\/agora.xtec.cat\/escolamestralvilanova\/wp-json\/wp\/v2\/users\/1"}],"replies":[{"embeddable":true,"href":"https:\/\/agora.xtec.cat\/escolamestralvilanova\/wp-json\/wp\/v2\/comments?post=6887"}],"version-history":[{"count":1,"href":"https:\/\/agora.xtec.cat\/escolamestralvilanova\/wp-json\/wp\/v2\/posts\/6887\/revisions"}],"predecessor-version":[{"id":6889,"href":"https:\/\/agora.xtec.cat\/escolamestralvilanova\/wp-json\/wp\/v2\/posts\/6887\/revisions\/6889"}],"wp:attachment":[{"href":"https:\/\/agora.xtec.cat\/escolamestralvilanova\/wp-json\/wp\/v2\/media?parent=6887"}],"wp:term":[{"taxonomy":"category","embeddable":true,"href":"https:\/\/agora.xtec.cat\/escolamestralvilanova\/wp-json\/wp\/v2\/categories?post=6887"},{"taxonomy":"post_tag","embeddable":true,"href":"https:\/\/agora.xtec.cat\/escolamestralvilanova\/wp-json\/wp\/v2\/tags?post=6887"}],"curies":[{"name":"wp","href":"https:\/\/api.w.org\/{rel}","templated":true}]}}