{"id":6882,"date":"2022-03-31T09:36:05","date_gmt":"2022-03-31T07:36:05","guid":{"rendered":"https:\/\/agora.xtec.cat\/escolamestralvilanova\/?p=6882"},"modified":"2022-03-30T22:40:39","modified_gmt":"2022-03-30T20:40:39","slug":"ens-presentem","status":"publish","type":"post","link":"https:\/\/agora.xtec.cat\/escolamestralvilanova\/general\/ens-presentem\/","title":{"rendered":"ENS PRESENTEM!"},"content":{"rendered":"<p>Durant la setmana passada els nens i les nenes de Cicle Mitj\u00e0 i Cicle Superior vam gravar els nostres v\u00eddeos de presentaci\u00f3.<\/p>\n<p>Aquest v\u00eddeo l\u2019hem enviat a l\u2019escola de Torrelameu com a activitat pr\u00e8via a la sortida a Tarragona on ens trobarem tota la Zer Argelaga!<\/p>\n<p>Us el compartim, esperem que us agradi.<\/p>\n<ul>\n<li><a href=\"https:\/\/drive.google.com\/file\/d\/1xTV622RxUbV7b9icYRVrOPeA9gVHJDYi\/view?usp=sharing\">CICLE MITJ\u00c0<\/a><\/li>\n<\/ul>\n<p><a href=\"https:\/\/drive.google.com\/file\/d\/1xTV622RxUbV7b9icYRVrOPeA9gVHJDYi\/view?usp=sharing\"><img loading=\"lazy\" decoding=\"async\" class=\"alignnone size-medium wp-image-6896\" src=\"https:\/\/agora.xtec.cat\/escolamestralvilanova\/wp-content\/uploads\/usu729\/2022\/03\/Captura-de-Pantalla-2022-03-30-a-les-22.35.29-300x168.png\" alt=\"\" width=\"300\" height=\"168\" srcset=\"https:\/\/agora.xtec.cat\/escolamestralvilanova\/wp-content\/uploads\/usu729\/2022\/03\/Captura-de-Pantalla-2022-03-30-a-les-22.35.29-300x168.png 300w, https:\/\/agora.xtec.cat\/escolamestralvilanova\/wp-content\/uploads\/usu729\/2022\/03\/Captura-de-Pantalla-2022-03-30-a-les-22.35.29-768x429.png 768w, https:\/\/agora.xtec.cat\/escolamestralvilanova\/wp-content\/uploads\/usu729\/2022\/03\/Captura-de-Pantalla-2022-03-30-a-les-22.35.29.png 1000w\" sizes=\"auto, (max-width: 300px) 100vw, 300px\" \/><\/a><\/p>\n<ul>\n<li><a href=\"https:\/\/drive.google.com\/file\/d\/1EnV8KIT_RPYhQfjjiOKaorfAShEKeZRS\/view?usp=sharing\">CINQU\u00c8<\/a><\/li>\n<\/ul>\n<p><a href=\"https:\/\/drive.google.com\/file\/d\/1EnV8KIT_RPYhQfjjiOKaorfAShEKeZRS\/view?usp=sharing\"><img loading=\"lazy\" decoding=\"async\" class=\"alignnone size-medium wp-image-6895\" src=\"https:\/\/agora.xtec.cat\/escolamestralvilanova\/wp-content\/uploads\/usu729\/2022\/03\/Captura-de-Pantalla-2022-03-30-a-les-22.34.33-300x170.png\" alt=\"\" width=\"300\" height=\"170\" srcset=\"https:\/\/agora.xtec.cat\/escolamestralvilanova\/wp-content\/uploads\/usu729\/2022\/03\/Captura-de-Pantalla-2022-03-30-a-les-22.34.33-300x170.png 300w, https:\/\/agora.xtec.cat\/escolamestralvilanova\/wp-content\/uploads\/usu729\/2022\/03\/Captura-de-Pantalla-2022-03-30-a-les-22.34.33-768x435.png 768w, https:\/\/agora.xtec.cat\/escolamestralvilanova\/wp-content\/uploads\/usu729\/2022\/03\/Captura-de-Pantalla-2022-03-30-a-les-22.34.33.png 1000w\" sizes=\"auto, (max-width: 300px) 100vw, 300px\" \/><\/a><\/p>\n<ul>\n<li><a href=\"https:\/\/drive.google.com\/file\/d\/1FdeQw5gjyS5xOG_YpmOoxW9EwWvA2P6z\/view?usp=sharing\">SIS\u00c8<\/a><\/li>\n<\/ul>\n<p><a href=\"https:\/\/drive.google.com\/file\/d\/1FdeQw5gjyS5xOG_YpmOoxW9EwWvA2P6z\/view?usp=sharing\"><img loading=\"lazy\" decoding=\"async\" class=\"alignnone size-medium wp-image-6894\" src=\"https:\/\/agora.xtec.cat\/escolamestralvilanova\/wp-content\/uploads\/usu729\/2022\/03\/Captura-de-Pantalla-2022-03-30-a-les-22.34.53-300x168.png\" alt=\"\" width=\"300\" height=\"168\" srcset=\"https:\/\/agora.xtec.cat\/escolamestralvilanova\/wp-content\/uploads\/usu729\/2022\/03\/Captura-de-Pantalla-2022-03-30-a-les-22.34.53-300x168.png 300w, https:\/\/agora.xtec.cat\/escolamestralvilanova\/wp-content\/uploads\/usu729\/2022\/03\/Captura-de-Pantalla-2022-03-30-a-les-22.34.53-1024x573.png 1024w, https:\/\/agora.xtec.cat\/escolamestralvilanova\/wp-content\/uploads\/usu729\/2022\/03\/Captura-de-Pantalla-2022-03-30-a-les-22.34.53-768x429.png 768w, https:\/\/agora.xtec.cat\/escolamestralvilanova\/wp-content\/uploads\/usu729\/2022\/03\/Captura-de-Pantalla-2022-03-30-a-les-22.34.53-1536x859.png 1536w, https:\/\/agora.xtec.cat\/escolamestralvilanova\/wp-content\/uploads\/usu729\/2022\/03\/Captura-de-Pantalla-2022-03-30-a-les-22.34.53.png 1892w\" sizes=\"auto, (max-width: 300px) 100vw, 300px\" \/><\/a><\/p>\n<p>&nbsp;<\/p>\n<p>&nbsp;<\/p>\n","protected":false},"excerpt":{"rendered":"<p>Durant la setmana passada els nens i les nenes de Cicle Mitj\u00e0 i Cicle Superior vam gravar els nostres v\u00eddeos de presentaci\u00f3.<br \/>\nAquest v\u00eddeo l\u2019hem enviat a l\u2019escola de Torrelameu com a activitat pr\u00e8via a la sortida a Tarragona on ens trobarem tota la Zer Argelaga!<br \/>\nUs&hellip;  <a href=\"https:\/\/agora.xtec.cat\/escolamestralvilanova\/general\/ens-presentem\/\" title=\"Read ENS PRESENTEM!\">Llegeix m\u00e9s\u00bb<\/a><\/p>\n","protected":false},"author":1,"featured_media":0,"comment_status":"open","ping_status":"closed","sticky":false,"template":"","format":"standard","meta":{"_bbp_topic_count":0,"_bbp_reply_count":0,"_bbp_total_topic_count":0,"_bbp_total_reply_count":0,"_bbp_voice_count":0,"_bbp_anonymous_reply_count":0,"_bbp_topic_count_hidden":0,"_bbp_reply_count_hidden":0,"_bbp_forum_subforum_count":0,"footnotes":""},"categories":[13,12,15,1,4,5],"tags":[],"class_list":["post-6882","post","type-post","status-publish","format-standard","hentry","category-cinque","category-tercer-quart","category-cicle-superior","category-general","category-portada","category-primaria"],"post_mailing_queue_ids":[],"_links":{"self":[{"href":"https:\/\/agora.xtec.cat\/escolamestralvilanova\/wp-json\/wp\/v2\/posts\/6882","targetHints":{"allow":["GET"]}}],"collection":[{"href":"https:\/\/agora.xtec.cat\/escolamestralvilanova\/wp-json\/wp\/v2\/posts"}],"about":[{"href":"https:\/\/agora.xtec.cat\/escolamestralvilanova\/wp-json\/wp\/v2\/types\/post"}],"author":[{"embeddable":true,"href":"https:\/\/agora.xtec.cat\/escolamestralvilanova\/wp-json\/wp\/v2\/users\/1"}],"replies":[{"embeddable":true,"href":"https:\/\/agora.xtec.cat\/escolamestralvilanova\/wp-json\/wp\/v2\/comments?post=6882"}],"version-history":[{"count":2,"href":"https:\/\/agora.xtec.cat\/escolamestralvilanova\/wp-json\/wp\/v2\/posts\/6882\/revisions"}],"predecessor-version":[{"id":6897,"href":"https:\/\/agora.xtec.cat\/escolamestralvilanova\/wp-json\/wp\/v2\/posts\/6882\/revisions\/6897"}],"wp:attachment":[{"href":"https:\/\/agora.xtec.cat\/escolamestralvilanova\/wp-json\/wp\/v2\/media?parent=6882"}],"wp:term":[{"taxonomy":"category","embeddable":true,"href":"https:\/\/agora.xtec.cat\/escolamestralvilanova\/wp-json\/wp\/v2\/categories?post=6882"},{"taxonomy":"post_tag","embeddable":true,"href":"https:\/\/agora.xtec.cat\/escolamestralvilanova\/wp-json\/wp\/v2\/tags?post=6882"}],"curies":[{"name":"wp","href":"https:\/\/api.w.org\/{rel}","templated":true}]}}