{"id":6879,"date":"2022-03-30T12:06:29","date_gmt":"2022-03-30T10:06:29","guid":{"rendered":"https:\/\/agora.xtec.cat\/escolamestralvilanova\/?p=6879"},"modified":"2022-03-30T12:11:56","modified_gmt":"2022-03-30T10:11:56","slug":"recitamos-el-poema-la-primavera","status":"publish","type":"post","link":"https:\/\/agora.xtec.cat\/escolamestralvilanova\/general\/recitamos-el-poema-la-primavera\/","title":{"rendered":"RECITAMOS EL POEMA &#8220;LA PRIMAVERA&#8221;"},"content":{"rendered":"<p>Los alumnos y alumnas de segUndo curso hemos memorizado y recitado un poema llamado &#8220;La primavera&#8221;.<\/p>\n<p>Su autor es Antonio Machado.<\/p>\n<p>A continuaci\u00f3n os mostramos un peque\u00f1o v\u00eddeo.<\/p>\n<p>\u00a1Esperamos que os guste!<\/p>\n<ul>\n<li><a href=\"https:\/\/photos.app.goo.gl\/j54aN6DEEqEkK7xz8\">ENLACE AL V\u00cdDEO<\/a><\/li>\n<\/ul>\n<p>&nbsp;<\/p>\n<p><a href=\"https:\/\/photos.app.goo.gl\/j54aN6DEEqEkK7xz8\"><img loading=\"lazy\" decoding=\"async\" class=\"alignnone wp-image-6880 size-medium\" src=\"https:\/\/agora.xtec.cat\/escolamestralvilanova\/wp-content\/uploads\/usu729\/2022\/03\/Recitamos-un-poema-de-la-primavera-212x300.png\" alt=\"\" width=\"212\" height=\"300\" srcset=\"https:\/\/agora.xtec.cat\/escolamestralvilanova\/wp-content\/uploads\/usu729\/2022\/03\/Recitamos-un-poema-de-la-primavera-212x300.png 212w, https:\/\/agora.xtec.cat\/escolamestralvilanova\/wp-content\/uploads\/usu729\/2022\/03\/Recitamos-un-poema-de-la-primavera-724x1024.png 724w, https:\/\/agora.xtec.cat\/escolamestralvilanova\/wp-content\/uploads\/usu729\/2022\/03\/Recitamos-un-poema-de-la-primavera-768x1086.png 768w, https:\/\/agora.xtec.cat\/escolamestralvilanova\/wp-content\/uploads\/usu729\/2022\/03\/Recitamos-un-poema-de-la-primavera-1086x1536.png 1086w, https:\/\/agora.xtec.cat\/escolamestralvilanova\/wp-content\/uploads\/usu729\/2022\/03\/Recitamos-un-poema-de-la-primavera.png 1414w\" sizes=\"auto, (max-width: 212px) 100vw, 212px\" \/><\/a><\/p>\n","protected":false},"excerpt":{"rendered":"<p>Los alumnos y alumnas de segUndo curso hemos memorizado y recitado un poema llamado &#8220;La primavera&#8221;.<br \/>\nSu autor es Antonio Machado.<br \/>\nA continuaci\u00f3n os mostramos un peque\u00f1o v\u00eddeo.<br \/>\n\u00a1Esperamos que os guste!<\/p>\n<ul>\n<li><a href=\"https:\/\/photos.app.goo.gl\/j54aN6DEEqEkK7xz8\">ENLACE AL V\u00cdDEO<\/a><\/li>\n<\/ul>\n<p>&nbsp;<br \/>\n<a href=\"https:\/\/photos.app.goo.gl\/j54aN6DEEqEkK7xz8\"><\/a><\/p>\n","protected":false},"author":6,"featured_media":0,"comment_status":"open","ping_status":"closed","sticky":false,"template":"","format":"standard","meta":{"_bbp_topic_count":0,"_bbp_reply_count":0,"_bbp_total_topic_count":0,"_bbp_total_reply_count":0,"_bbp_voice_count":0,"_bbp_anonymous_reply_count":0,"_bbp_topic_count_hidden":0,"_bbp_reply_count_hidden":0,"_bbp_forum_subforum_count":0,"footnotes":""},"categories":[11,1,4,5],"tags":[],"class_list":["post-6879","post","type-post","status-publish","format-standard","hentry","category-cicle-inicial","category-general","category-portada","category-primaria"],"post_mailing_queue_ids":[],"_links":{"self":[{"href":"https:\/\/agora.xtec.cat\/escolamestralvilanova\/wp-json\/wp\/v2\/posts\/6879","targetHints":{"allow":["GET"]}}],"collection":[{"href":"https:\/\/agora.xtec.cat\/escolamestralvilanova\/wp-json\/wp\/v2\/posts"}],"about":[{"href":"https:\/\/agora.xtec.cat\/escolamestralvilanova\/wp-json\/wp\/v2\/types\/post"}],"author":[{"embeddable":true,"href":"https:\/\/agora.xtec.cat\/escolamestralvilanova\/wp-json\/wp\/v2\/users\/6"}],"replies":[{"embeddable":true,"href":"https:\/\/agora.xtec.cat\/escolamestralvilanova\/wp-json\/wp\/v2\/comments?post=6879"}],"version-history":[{"count":1,"href":"https:\/\/agora.xtec.cat\/escolamestralvilanova\/wp-json\/wp\/v2\/posts\/6879\/revisions"}],"predecessor-version":[{"id":6881,"href":"https:\/\/agora.xtec.cat\/escolamestralvilanova\/wp-json\/wp\/v2\/posts\/6879\/revisions\/6881"}],"wp:attachment":[{"href":"https:\/\/agora.xtec.cat\/escolamestralvilanova\/wp-json\/wp\/v2\/media?parent=6879"}],"wp:term":[{"taxonomy":"category","embeddable":true,"href":"https:\/\/agora.xtec.cat\/escolamestralvilanova\/wp-json\/wp\/v2\/categories?post=6879"},{"taxonomy":"post_tag","embeddable":true,"href":"https:\/\/agora.xtec.cat\/escolamestralvilanova\/wp-json\/wp\/v2\/tags?post=6879"}],"curies":[{"name":"wp","href":"https:\/\/api.w.org\/{rel}","templated":true}]}}