{"id":6876,"date":"2022-03-28T14:10:07","date_gmt":"2022-03-28T12:10:07","guid":{"rendered":"https:\/\/agora.xtec.cat\/escolamestralvilanova\/?p=6876"},"modified":"2022-03-28T14:10:07","modified_gmt":"2022-03-28T12:10:07","slug":"larbre-del-pati","status":"publish","type":"post","link":"https:\/\/agora.xtec.cat\/escolamestralvilanova\/infantil\/larbre-del-pati\/","title":{"rendered":"L&#8217;ARBRE DEL PATI"},"content":{"rendered":"<div id=\":s8\" class=\"ii gt\">\n<div id=\":s7\" class=\"a3s aiL \">\n<div dir=\"auto\">\n<div dir=\"auto\">\n<p dir=\"auto\">Aquests \u00faltims dies de trimestre anem tancant el projecte d&#8217;escola. Avui pod\u00edem portar informaci\u00f3 sobre l&#8217;arbre del nostre pati i l&#8217;Arlet ens ha explicat molt b\u00e9 tot el que ha estat buscant d&#8217;aquest.. ho voleu veure?<\/p>\n<ul>\n<li dir=\"auto\"><a href=\"https:\/\/photos.app.goo.gl\/3kL2hgrmPxxDELWJA\">ENLLA\u00c7 A LES FOTOGRAFIES<\/a><\/li>\n<\/ul>\n<p><a href=\"https:\/\/photos.app.goo.gl\/3kL2hgrmPxxDELWJA\"><img loading=\"lazy\" decoding=\"async\" class=\"alignnone wp-image-6877 size-medium\" src=\"https:\/\/agora.xtec.cat\/escolamestralvilanova\/wp-content\/uploads\/usu729\/2022\/03\/20220328_095940-rotated-e1648469383734-225x300.jpg\" alt=\"\" width=\"225\" height=\"300\" srcset=\"https:\/\/agora.xtec.cat\/escolamestralvilanova\/wp-content\/uploads\/usu729\/2022\/03\/20220328_095940-rotated-e1648469383734-225x300.jpg 225w, https:\/\/agora.xtec.cat\/escolamestralvilanova\/wp-content\/uploads\/usu729\/2022\/03\/20220328_095940-rotated-e1648469383734.jpg 480w\" sizes=\"auto, (max-width: 225px) 100vw, 225px\" \/><\/a><\/p>\n<div dir=\"auto\"><\/div>\n<div dir=\"auto\"><\/div>\n<\/div>\n<\/div>\n<div class=\"yj6qo\"><\/div>\n<div class=\"adL\"><\/div>\n<\/div>\n<\/div>\n<div id=\":t2\" class=\"hq gt a10\"><\/div>\n","protected":false},"excerpt":{"rendered":"<p>Aquests \u00faltims dies de trimestre anem tancant el projecte d&#8217;escola. Avui pod\u00edem portar informaci\u00f3 sobre l&#8217;arbre del nostre pati i l&#8217;Arlet ens ha explicat molt b\u00e9 tot el que ha estat buscant d&#8217;aquest.. ho voleu veure?<\/p>\n<ul>\n<li dir=\"auto\"><a href=\"https:\/\/photos.app.goo.gl\/3kL2hgrmPxxDELWJA\">ENLLA\u00c7 A LES FOTOGRAFIES<\/a><\/li>\n<\/ul>\n<p><a href=\"https:\/\/photos.app.goo.gl\/3kL2hgrmPxxDELWJA\"><\/a><\/p>\n","protected":false},"author":1,"featured_media":0,"comment_status":"open","ping_status":"closed","sticky":false,"template":"","format":"standard","meta":{"_bbp_topic_count":0,"_bbp_reply_count":0,"_bbp_total_topic_count":0,"_bbp_total_reply_count":0,"_bbp_voice_count":0,"_bbp_anonymous_reply_count":0,"_bbp_topic_count_hidden":0,"_bbp_reply_count_hidden":0,"_bbp_forum_subforum_count":0,"footnotes":""},"categories":[3,8,2,4],"tags":[],"class_list":["post-6876","post","type-post","status-publish","format-standard","hentry","category-ei3-ei4-ei5","category-ei4","category-infantil","category-portada"],"post_mailing_queue_ids":[],"_links":{"self":[{"href":"https:\/\/agora.xtec.cat\/escolamestralvilanova\/wp-json\/wp\/v2\/posts\/6876","targetHints":{"allow":["GET"]}}],"collection":[{"href":"https:\/\/agora.xtec.cat\/escolamestralvilanova\/wp-json\/wp\/v2\/posts"}],"about":[{"href":"https:\/\/agora.xtec.cat\/escolamestralvilanova\/wp-json\/wp\/v2\/types\/post"}],"author":[{"embeddable":true,"href":"https:\/\/agora.xtec.cat\/escolamestralvilanova\/wp-json\/wp\/v2\/users\/1"}],"replies":[{"embeddable":true,"href":"https:\/\/agora.xtec.cat\/escolamestralvilanova\/wp-json\/wp\/v2\/comments?post=6876"}],"version-history":[{"count":1,"href":"https:\/\/agora.xtec.cat\/escolamestralvilanova\/wp-json\/wp\/v2\/posts\/6876\/revisions"}],"predecessor-version":[{"id":6878,"href":"https:\/\/agora.xtec.cat\/escolamestralvilanova\/wp-json\/wp\/v2\/posts\/6876\/revisions\/6878"}],"wp:attachment":[{"href":"https:\/\/agora.xtec.cat\/escolamestralvilanova\/wp-json\/wp\/v2\/media?parent=6876"}],"wp:term":[{"taxonomy":"category","embeddable":true,"href":"https:\/\/agora.xtec.cat\/escolamestralvilanova\/wp-json\/wp\/v2\/categories?post=6876"},{"taxonomy":"post_tag","embeddable":true,"href":"https:\/\/agora.xtec.cat\/escolamestralvilanova\/wp-json\/wp\/v2\/tags?post=6876"}],"curies":[{"name":"wp","href":"https:\/\/api.w.org\/{rel}","templated":true}]}}