{"id":6870,"date":"2022-03-25T16:15:52","date_gmt":"2022-03-25T15:15:52","guid":{"rendered":"https:\/\/agora.xtec.cat\/escolamestralvilanova\/?p=6870"},"modified":"2022-03-25T16:16:48","modified_gmt":"2022-03-25T15:16:48","slug":"sortida-de-zer-castell-de-montsonis","status":"publish","type":"post","link":"https:\/\/agora.xtec.cat\/escolamestralvilanova\/infantil\/sortida-de-zer-castell-de-montsonis\/","title":{"rendered":"SORTIDA DE ZER &#8220;CASTELL DE MONTSON\u00cdS&#8221;"},"content":{"rendered":"<p>Avui els nens i nenes d&#8217;Educaci\u00f3 Infantil i Cicle Inicial hem realitzat una sortida de ZER al Castell de Montson\u00eds. Despr\u00e9s de la visita, hem anat a dinar a Foradada.<\/p>\n<p>Ens ho hem passat molt b\u00e9 i ens ha agradat molt!<\/p>\n<ul>\n<li><a href=\"https:\/\/photos.app.goo.gl\/9csSDRdXuMTjSDNYA\">ENLLA\u00c7 A LES FOTOGRAFIES<\/a><\/li>\n<\/ul>\n<p><a href=\"https:\/\/photos.app.goo.gl\/9csSDRdXuMTjSDNYA\"><img loading=\"lazy\" decoding=\"async\" class=\"alignnone size-medium wp-image-6871\" src=\"https:\/\/agora.xtec.cat\/escolamestralvilanova\/wp-content\/uploads\/usu729\/2022\/03\/4b3fdb35-4552-4c3f-a6c2-1f20fa5885dc-300x225.jpg\" alt=\"\" width=\"300\" height=\"225\" srcset=\"https:\/\/agora.xtec.cat\/escolamestralvilanova\/wp-content\/uploads\/usu729\/2022\/03\/4b3fdb35-4552-4c3f-a6c2-1f20fa5885dc-300x225.jpg 300w, https:\/\/agora.xtec.cat\/escolamestralvilanova\/wp-content\/uploads\/usu729\/2022\/03\/4b3fdb35-4552-4c3f-a6c2-1f20fa5885dc-1024x768.jpg 1024w, https:\/\/agora.xtec.cat\/escolamestralvilanova\/wp-content\/uploads\/usu729\/2022\/03\/4b3fdb35-4552-4c3f-a6c2-1f20fa5885dc-768x576.jpg 768w, https:\/\/agora.xtec.cat\/escolamestralvilanova\/wp-content\/uploads\/usu729\/2022\/03\/4b3fdb35-4552-4c3f-a6c2-1f20fa5885dc-1536x1152.jpg 1536w, https:\/\/agora.xtec.cat\/escolamestralvilanova\/wp-content\/uploads\/usu729\/2022\/03\/4b3fdb35-4552-4c3f-a6c2-1f20fa5885dc-200x150.jpg 200w, https:\/\/agora.xtec.cat\/escolamestralvilanova\/wp-content\/uploads\/usu729\/2022\/03\/4b3fdb35-4552-4c3f-a6c2-1f20fa5885dc.jpg 2048w\" sizes=\"auto, (max-width: 300px) 100vw, 300px\" \/><\/a><\/p>\n","protected":false},"excerpt":{"rendered":"<p>Avui els nens i nenes d&#8217;Educaci\u00f3 Infantil i Cicle Inicial hem realitzat una sortida de ZER al Castell de Montson\u00eds. Despr\u00e9s de la visita, hem anat a dinar a Foradada.<br \/>\nEns ho hem passat molt b\u00e9 i ens ha agradat molt!<\/p>\n<ul>\n<li><a href=\"https:\/\/photos.app.goo.gl\/9csSDRdXuMTjSDNYA\">ENLLA\u00c7 A LES FOTOGRAFIES<\/a><\/li>\n<\/ul>\n<p><a href=\"https:\/\/photos.app.goo.gl\/9csSDRdXuMTjSDNYA\"><\/a><\/p>\n","protected":false},"author":1,"featured_media":0,"comment_status":"open","ping_status":"closed","sticky":false,"template":"","format":"standard","meta":{"_bbp_topic_count":0,"_bbp_reply_count":0,"_bbp_total_topic_count":0,"_bbp_total_reply_count":0,"_bbp_voice_count":0,"_bbp_anonymous_reply_count":0,"_bbp_topic_count_hidden":0,"_bbp_reply_count_hidden":0,"_bbp_forum_subforum_count":0,"footnotes":""},"categories":[3,8,10,2,4,5],"tags":[],"class_list":["post-6870","post","type-post","status-publish","format-standard","hentry","category-ei3-ei4-ei5","category-ei4","category-ei5-primer","category-infantil","category-portada","category-primaria"],"post_mailing_queue_ids":[],"_links":{"self":[{"href":"https:\/\/agora.xtec.cat\/escolamestralvilanova\/wp-json\/wp\/v2\/posts\/6870","targetHints":{"allow":["GET"]}}],"collection":[{"href":"https:\/\/agora.xtec.cat\/escolamestralvilanova\/wp-json\/wp\/v2\/posts"}],"about":[{"href":"https:\/\/agora.xtec.cat\/escolamestralvilanova\/wp-json\/wp\/v2\/types\/post"}],"author":[{"embeddable":true,"href":"https:\/\/agora.xtec.cat\/escolamestralvilanova\/wp-json\/wp\/v2\/users\/1"}],"replies":[{"embeddable":true,"href":"https:\/\/agora.xtec.cat\/escolamestralvilanova\/wp-json\/wp\/v2\/comments?post=6870"}],"version-history":[{"count":1,"href":"https:\/\/agora.xtec.cat\/escolamestralvilanova\/wp-json\/wp\/v2\/posts\/6870\/revisions"}],"predecessor-version":[{"id":6872,"href":"https:\/\/agora.xtec.cat\/escolamestralvilanova\/wp-json\/wp\/v2\/posts\/6870\/revisions\/6872"}],"wp:attachment":[{"href":"https:\/\/agora.xtec.cat\/escolamestralvilanova\/wp-json\/wp\/v2\/media?parent=6870"}],"wp:term":[{"taxonomy":"category","embeddable":true,"href":"https:\/\/agora.xtec.cat\/escolamestralvilanova\/wp-json\/wp\/v2\/categories?post=6870"},{"taxonomy":"post_tag","embeddable":true,"href":"https:\/\/agora.xtec.cat\/escolamestralvilanova\/wp-json\/wp\/v2\/tags?post=6870"}],"curies":[{"name":"wp","href":"https:\/\/api.w.org\/{rel}","templated":true}]}}