{"id":6842,"date":"2022-03-24T09:07:58","date_gmt":"2022-03-24T08:07:58","guid":{"rendered":"https:\/\/agora.xtec.cat\/escolamestralvilanova\/?p=6842"},"modified":"2022-03-24T09:54:32","modified_gmt":"2022-03-24T08:54:32","slug":"el-pati-que-volem","status":"publish","type":"post","link":"https:\/\/agora.xtec.cat\/escolamestralvilanova\/general\/el-pati-que-volem\/","title":{"rendered":"EL PATI QUE VOLEM"},"content":{"rendered":"<p>Els alumnes de Cicle Superior estem treballant el pati de la nostra escola i per aix\u00f2 avui hem realitzat una enquesta a tot l&#8217;alumnat.<\/p>\n<p>D&#8217;aquesta manera podrem saber de primera m\u00e0 quines s\u00f3n les inquietuds dels alumnes sobre l&#8217;espai de pati tant a nivell de joc com de relaci\u00f3 amb els companys\/es i l&#8217;entorn.<\/p>\n<p>Ara tan sols haurem d&#8217;analitzar els resultats obtinguts i realitzar propostes de millora.<\/p>\n<ul>\n<li><a href=\"https:\/\/photos.app.goo.gl\/E9SW1MZC4KQj7K1t5\">ENLLA\u00c7 A LES FOTOGRAFIES<\/a><\/li>\n<\/ul>\n<p><a href=\"https:\/\/photos.app.goo.gl\/E9SW1MZC4KQj7K1t5\"><img loading=\"lazy\" decoding=\"async\" class=\"alignnone size-medium wp-image-6844\" src=\"https:\/\/agora.xtec.cat\/escolamestralvilanova\/wp-content\/uploads\/usu729\/2022\/03\/IMG_7876-300x225.jpg\" alt=\"\" width=\"300\" height=\"225\" srcset=\"https:\/\/agora.xtec.cat\/escolamestralvilanova\/wp-content\/uploads\/usu729\/2022\/03\/IMG_7876-300x225.jpg 300w, https:\/\/agora.xtec.cat\/escolamestralvilanova\/wp-content\/uploads\/usu729\/2022\/03\/IMG_7876-768x576.jpg 768w, https:\/\/agora.xtec.cat\/escolamestralvilanova\/wp-content\/uploads\/usu729\/2022\/03\/IMG_7876-200x150.jpg 200w, https:\/\/agora.xtec.cat\/escolamestralvilanova\/wp-content\/uploads\/usu729\/2022\/03\/IMG_7876.jpg 1000w\" sizes=\"auto, (max-width: 300px) 100vw, 300px\" \/><\/a><\/p>\n","protected":false},"excerpt":{"rendered":"<p>Els alumnes de Cicle Superior estem treballant el pati de la nostra escola i per aix\u00f2 avui hem realitzat una enquesta a tot l&#8217;alumnat.<br \/>\nD&#8217;aquesta manera podrem saber de primera m\u00e0 quines s\u00f3n les inquietuds dels alumnes sobre l&#8217;espai de pati tant a nivell de joc&hellip;  <a href=\"https:\/\/agora.xtec.cat\/escolamestralvilanova\/general\/el-pati-que-volem\/\" title=\"Read EL PATI QUE VOLEM\">Llegeix m\u00e9s\u00bb<\/a><\/p>\n","protected":false},"author":1,"featured_media":0,"comment_status":"open","ping_status":"closed","sticky":false,"template":"","format":"standard","meta":{"_bbp_topic_count":0,"_bbp_reply_count":0,"_bbp_total_topic_count":0,"_bbp_total_reply_count":0,"_bbp_voice_count":0,"_bbp_anonymous_reply_count":0,"_bbp_topic_count_hidden":0,"_bbp_reply_count_hidden":0,"_bbp_forum_subforum_count":0,"footnotes":""},"categories":[13,15,1,4,5],"tags":[],"class_list":["post-6842","post","type-post","status-publish","format-standard","hentry","category-cinque","category-cicle-superior","category-general","category-portada","category-primaria"],"post_mailing_queue_ids":[],"_links":{"self":[{"href":"https:\/\/agora.xtec.cat\/escolamestralvilanova\/wp-json\/wp\/v2\/posts\/6842","targetHints":{"allow":["GET"]}}],"collection":[{"href":"https:\/\/agora.xtec.cat\/escolamestralvilanova\/wp-json\/wp\/v2\/posts"}],"about":[{"href":"https:\/\/agora.xtec.cat\/escolamestralvilanova\/wp-json\/wp\/v2\/types\/post"}],"author":[{"embeddable":true,"href":"https:\/\/agora.xtec.cat\/escolamestralvilanova\/wp-json\/wp\/v2\/users\/1"}],"replies":[{"embeddable":true,"href":"https:\/\/agora.xtec.cat\/escolamestralvilanova\/wp-json\/wp\/v2\/comments?post=6842"}],"version-history":[{"count":3,"href":"https:\/\/agora.xtec.cat\/escolamestralvilanova\/wp-json\/wp\/v2\/posts\/6842\/revisions"}],"predecessor-version":[{"id":6846,"href":"https:\/\/agora.xtec.cat\/escolamestralvilanova\/wp-json\/wp\/v2\/posts\/6842\/revisions\/6846"}],"wp:attachment":[{"href":"https:\/\/agora.xtec.cat\/escolamestralvilanova\/wp-json\/wp\/v2\/media?parent=6842"}],"wp:term":[{"taxonomy":"category","embeddable":true,"href":"https:\/\/agora.xtec.cat\/escolamestralvilanova\/wp-json\/wp\/v2\/categories?post=6842"},{"taxonomy":"post_tag","embeddable":true,"href":"https:\/\/agora.xtec.cat\/escolamestralvilanova\/wp-json\/wp\/v2\/tags?post=6842"}],"curies":[{"name":"wp","href":"https:\/\/api.w.org\/{rel}","templated":true}]}}