{"id":6829,"date":"2022-03-22T16:20:18","date_gmt":"2022-03-22T15:20:18","guid":{"rendered":"https:\/\/agora.xtec.cat\/escolamestralvilanova\/?p=6829"},"modified":"2022-03-22T16:20:18","modified_gmt":"2022-03-22T15:20:18","slug":"arriba-la-primavera","status":"publish","type":"post","link":"https:\/\/agora.xtec.cat\/escolamestralvilanova\/infantil\/arriba-la-primavera\/","title":{"rendered":"ARRIBA LA PRIMAVERA"},"content":{"rendered":"<p>Aquesta setmana estem donant la benvinguda a la primavera amb diferents propostes:<br \/>\n&#8211; Minimons tant per grans i petits, fets amb animalets, nins, flors, etc.<br \/>\n&#8211; Cantar can\u00e7ons i explicar el conte amb textures fet a m\u00e0 per l&#8217;escoleta: &#8220;Qu\u00e8 li passa a la Pepeta?&#8221;<br \/>\n&#8211; Fer decoraci\u00f3 pel nostre rac\u00f3 de les estacions: culs de botelles simulant flors i pintar lliurement al paper amb els colors d&#8217;aquesta estaci\u00f3!<\/p>\n<ul>\n<li><a href=\"https:\/\/photos.app.goo.gl\/GbR8PYcJUiLtprGt6\">ENLLA\u00c7 A LES FOTOGRAFIES<\/a><\/li>\n<\/ul>\n<p><a href=\"https:\/\/photos.app.goo.gl\/GbR8PYcJUiLtprGt6\"><img loading=\"lazy\" decoding=\"async\" class=\"alignnone size-medium wp-image-6830\" src=\"https:\/\/agora.xtec.cat\/escolamestralvilanova\/wp-content\/uploads\/usu729\/2022\/03\/PHOTO-2022-03-22-13-57-56-169x300.jpg\" alt=\"\" width=\"169\" height=\"300\" srcset=\"https:\/\/agora.xtec.cat\/escolamestralvilanova\/wp-content\/uploads\/usu729\/2022\/03\/PHOTO-2022-03-22-13-57-56-169x300.jpg 169w, https:\/\/agora.xtec.cat\/escolamestralvilanova\/wp-content\/uploads\/usu729\/2022\/03\/PHOTO-2022-03-22-13-57-56-576x1024.jpg 576w, https:\/\/agora.xtec.cat\/escolamestralvilanova\/wp-content\/uploads\/usu729\/2022\/03\/PHOTO-2022-03-22-13-57-56-768x1365.jpg 768w, https:\/\/agora.xtec.cat\/escolamestralvilanova\/wp-content\/uploads\/usu729\/2022\/03\/PHOTO-2022-03-22-13-57-56-864x1536.jpg 864w, https:\/\/agora.xtec.cat\/escolamestralvilanova\/wp-content\/uploads\/usu729\/2022\/03\/PHOTO-2022-03-22-13-57-56.jpg 1080w\" sizes=\"auto, (max-width: 169px) 100vw, 169px\" \/><\/a><\/p>\n<p>&nbsp;<\/p>\n","protected":false},"excerpt":{"rendered":"<p>Aquesta setmana estem donant la benvinguda a la primavera amb diferents propostes:<br \/>\n&#8211; Minimons tant per grans i petits, fets amb animalets, nins, flors, etc.<br \/>\n&#8211; Cantar can\u00e7ons i explicar el conte amb textures fet a m\u00e0 per l&#8217;escoleta: &#8220;Qu\u00e8 li passa a la Pepeta?&#8221;<br \/>\n&#8211; Fer decoraci\u00f3&hellip;  <a href=\"https:\/\/agora.xtec.cat\/escolamestralvilanova\/infantil\/arriba-la-primavera\/\" title=\"Read ARRIBA LA PRIMAVERA\">Llegeix m\u00e9s\u00bb<\/a><\/p>\n","protected":false},"author":1,"featured_media":0,"comment_status":"open","ping_status":"closed","sticky":false,"template":"","format":"standard","meta":{"_bbp_topic_count":0,"_bbp_reply_count":0,"_bbp_total_topic_count":0,"_bbp_total_reply_count":0,"_bbp_voice_count":0,"_bbp_anonymous_reply_count":0,"_bbp_topic_count_hidden":0,"_bbp_reply_count_hidden":0,"_bbp_forum_subforum_count":0,"footnotes":""},"categories":[14,59,2,4],"tags":[],"class_list":["post-6829","post","type-post","status-publish","format-standard","hentry","category-ei1-ei2","category-primer-cicle-ed-infantil","category-infantil","category-portada"],"post_mailing_queue_ids":[],"_links":{"self":[{"href":"https:\/\/agora.xtec.cat\/escolamestralvilanova\/wp-json\/wp\/v2\/posts\/6829","targetHints":{"allow":["GET"]}}],"collection":[{"href":"https:\/\/agora.xtec.cat\/escolamestralvilanova\/wp-json\/wp\/v2\/posts"}],"about":[{"href":"https:\/\/agora.xtec.cat\/escolamestralvilanova\/wp-json\/wp\/v2\/types\/post"}],"author":[{"embeddable":true,"href":"https:\/\/agora.xtec.cat\/escolamestralvilanova\/wp-json\/wp\/v2\/users\/1"}],"replies":[{"embeddable":true,"href":"https:\/\/agora.xtec.cat\/escolamestralvilanova\/wp-json\/wp\/v2\/comments?post=6829"}],"version-history":[{"count":1,"href":"https:\/\/agora.xtec.cat\/escolamestralvilanova\/wp-json\/wp\/v2\/posts\/6829\/revisions"}],"predecessor-version":[{"id":6831,"href":"https:\/\/agora.xtec.cat\/escolamestralvilanova\/wp-json\/wp\/v2\/posts\/6829\/revisions\/6831"}],"wp:attachment":[{"href":"https:\/\/agora.xtec.cat\/escolamestralvilanova\/wp-json\/wp\/v2\/media?parent=6829"}],"wp:term":[{"taxonomy":"category","embeddable":true,"href":"https:\/\/agora.xtec.cat\/escolamestralvilanova\/wp-json\/wp\/v2\/categories?post=6829"},{"taxonomy":"post_tag","embeddable":true,"href":"https:\/\/agora.xtec.cat\/escolamestralvilanova\/wp-json\/wp\/v2\/tags?post=6829"}],"curies":[{"name":"wp","href":"https:\/\/api.w.org\/{rel}","templated":true}]}}