{"id":6821,"date":"2022-03-21T12:28:17","date_gmt":"2022-03-21T11:28:17","guid":{"rendered":"https:\/\/agora.xtec.cat\/escolamestralvilanova\/?p=6821"},"modified":"2022-03-21T12:28:17","modified_gmt":"2022-03-21T11:28:17","slug":"els-infants-de-ei5-i-cicle-inicial-ens-presentem","status":"publish","type":"post","link":"https:\/\/agora.xtec.cat\/escolamestralvilanova\/general\/els-infants-de-ei5-i-cicle-inicial-ens-presentem\/","title":{"rendered":"ELS INFANTS DE EI5 I CICLE INICIAL ENS PRESENTEM!"},"content":{"rendered":"<p>Durant la setmana passada els nens i les nenes de Ei5 i cicle inicial vam gravar els nostres v\u00eddeos de presentaci\u00f3.<\/p>\n<p>Aquest v\u00eddeo l&#8217;enviarem a l&#8217;escola de Torrelameu com a activitat pr\u00e8via a la sortida del Castell de Montson\u00eds on ens trobarem tota la Zer Argelaga!<\/p>\n<p>Us el compartim, esperem que us agradi.<\/p>\n<ul>\n<li><a href=\"https:\/\/photos.app.goo.gl\/rFgp5wqATWe7bTe48\">ENLLA\u00c7 AL V\u00cdDEO<\/a><\/li>\n<\/ul>\n<p><a href=\"https:\/\/photos.app.goo.gl\/rFgp5wqATWe7bTe48\"><img loading=\"lazy\" decoding=\"async\" class=\"alignnone wp-image-6822 size-medium\" src=\"https:\/\/agora.xtec.cat\/escolamestralvilanova\/wp-content\/uploads\/usu729\/2022\/03\/IMG-5560-BO-300x225.jpg\" alt=\"\" width=\"300\" height=\"225\" srcset=\"https:\/\/agora.xtec.cat\/escolamestralvilanova\/wp-content\/uploads\/usu729\/2022\/03\/IMG-5560-BO-300x225.jpg 300w, https:\/\/agora.xtec.cat\/escolamestralvilanova\/wp-content\/uploads\/usu729\/2022\/03\/IMG-5560-BO-768x576.jpg 768w, https:\/\/agora.xtec.cat\/escolamestralvilanova\/wp-content\/uploads\/usu729\/2022\/03\/IMG-5560-BO-200x150.jpg 200w, https:\/\/agora.xtec.cat\/escolamestralvilanova\/wp-content\/uploads\/usu729\/2022\/03\/IMG-5560-BO.jpg 1024w\" sizes=\"auto, (max-width: 300px) 100vw, 300px\" \/><\/a><\/p>\n","protected":false},"excerpt":{"rendered":"<p>Durant la setmana passada els nens i les nenes de Ei5 i cicle inicial vam gravar els nostres v\u00eddeos de presentaci\u00f3.<br \/>\nAquest v\u00eddeo l&#8217;enviarem a l&#8217;escola de Torrelameu com a activitat pr\u00e8via a la sortida del Castell de Montson\u00eds on ens trobarem tota la Zer Argelaga!<br \/>\nUs&hellip;  <a href=\"https:\/\/agora.xtec.cat\/escolamestralvilanova\/general\/els-infants-de-ei5-i-cicle-inicial-ens-presentem\/\" title=\"Read ELS INFANTS DE EI5 I CICLE INICIAL ENS PRESENTEM!\">Llegeix m\u00e9s\u00bb<\/a><\/p>\n","protected":false},"author":6,"featured_media":0,"comment_status":"open","ping_status":"closed","sticky":false,"template":"","format":"standard","meta":{"_bbp_topic_count":0,"_bbp_reply_count":0,"_bbp_total_topic_count":0,"_bbp_total_reply_count":0,"_bbp_voice_count":0,"_bbp_anonymous_reply_count":0,"_bbp_topic_count_hidden":0,"_bbp_reply_count_hidden":0,"_bbp_forum_subforum_count":0,"footnotes":""},"categories":[10,1,4,5],"tags":[],"class_list":["post-6821","post","type-post","status-publish","format-standard","hentry","category-ei5-primer","category-general","category-portada","category-primaria"],"post_mailing_queue_ids":[],"_links":{"self":[{"href":"https:\/\/agora.xtec.cat\/escolamestralvilanova\/wp-json\/wp\/v2\/posts\/6821","targetHints":{"allow":["GET"]}}],"collection":[{"href":"https:\/\/agora.xtec.cat\/escolamestralvilanova\/wp-json\/wp\/v2\/posts"}],"about":[{"href":"https:\/\/agora.xtec.cat\/escolamestralvilanova\/wp-json\/wp\/v2\/types\/post"}],"author":[{"embeddable":true,"href":"https:\/\/agora.xtec.cat\/escolamestralvilanova\/wp-json\/wp\/v2\/users\/6"}],"replies":[{"embeddable":true,"href":"https:\/\/agora.xtec.cat\/escolamestralvilanova\/wp-json\/wp\/v2\/comments?post=6821"}],"version-history":[{"count":1,"href":"https:\/\/agora.xtec.cat\/escolamestralvilanova\/wp-json\/wp\/v2\/posts\/6821\/revisions"}],"predecessor-version":[{"id":6823,"href":"https:\/\/agora.xtec.cat\/escolamestralvilanova\/wp-json\/wp\/v2\/posts\/6821\/revisions\/6823"}],"wp:attachment":[{"href":"https:\/\/agora.xtec.cat\/escolamestralvilanova\/wp-json\/wp\/v2\/media?parent=6821"}],"wp:term":[{"taxonomy":"category","embeddable":true,"href":"https:\/\/agora.xtec.cat\/escolamestralvilanova\/wp-json\/wp\/v2\/categories?post=6821"},{"taxonomy":"post_tag","embeddable":true,"href":"https:\/\/agora.xtec.cat\/escolamestralvilanova\/wp-json\/wp\/v2\/tags?post=6821"}],"curies":[{"name":"wp","href":"https:\/\/api.w.org\/{rel}","templated":true}]}}