{"id":6784,"date":"2022-03-10T12:50:48","date_gmt":"2022-03-10T11:50:48","guid":{"rendered":"https:\/\/agora.xtec.cat\/escolamestralvilanova\/?p=6784"},"modified":"2022-03-10T12:50:48","modified_gmt":"2022-03-10T11:50:48","slug":"acabem-de-collir","status":"publish","type":"post","link":"https:\/\/agora.xtec.cat\/escolamestralvilanova\/portada\/acabem-de-collir\/","title":{"rendered":"ACABEM DE COLLIR"},"content":{"rendered":"<p>Els nens i nenes de Cicle Superior hem anat a l&#8217;hort per tal d&#8217;acabar de collir les hortalisses que hi quedaven.<\/p>\n<p>Aix\u00ed, avui hem collit: cebes, escaroles i espinacs! Ens ha agradat molt veure l&#8217;evoluci\u00f3 de les hortalisses des del dia que les vam plantar fins avui que les hem collit.<\/p>\n<p>Tamb\u00e9 hem reflexionat sobre els motius que provoquen que les hortalisses tinguin un creixement m\u00e9s lent a l&#8217;hivern i ens hem adonat que la falta de llum solar \u00e9s un element indispensable per afavorir el seu creixement.<\/p>\n<p>Finalment, esperem compartir les receptes! Bon profit!<\/p>\n<p><a href=\"https:\/\/agora.xtec.cat\/escolamestralvilanova\/wp-content\/uploads\/usu729\/2022\/03\/IMG-7678.jpg\"><img loading=\"lazy\" decoding=\"async\" class=\"alignnone wp-image-6785 size-medium\" src=\"https:\/\/agora.xtec.cat\/escolamestralvilanova\/wp-content\/uploads\/usu729\/2022\/03\/IMG-7678-300x225.jpg\" alt=\"\" width=\"300\" height=\"225\" srcset=\"https:\/\/agora.xtec.cat\/escolamestralvilanova\/wp-content\/uploads\/usu729\/2022\/03\/IMG-7678-300x225.jpg 300w, https:\/\/agora.xtec.cat\/escolamestralvilanova\/wp-content\/uploads\/usu729\/2022\/03\/IMG-7678-200x150.jpg 200w, https:\/\/agora.xtec.cat\/escolamestralvilanova\/wp-content\/uploads\/usu729\/2022\/03\/IMG-7678.jpg 640w\" sizes=\"auto, (max-width: 300px) 100vw, 300px\" \/><\/a><\/p>\n","protected":false},"excerpt":{"rendered":"<p>Els nens i nenes de Cicle Superior hem anat a l&#8217;hort per tal d&#8217;acabar de collir les hortalisses que hi quedaven.<br \/>\nAix\u00ed, avui hem collit: cebes, escaroles i espinacs! Ens ha agradat molt veure l&#8217;evoluci\u00f3 de les hortalisses des del dia que les vam plantar fins&hellip;  <a href=\"https:\/\/agora.xtec.cat\/escolamestralvilanova\/portada\/acabem-de-collir\/\" title=\"Read ACABEM DE COLLIR\">Llegeix m\u00e9s\u00bb<\/a><\/p>\n","protected":false},"author":1,"featured_media":0,"comment_status":"open","ping_status":"closed","sticky":false,"template":"","format":"standard","meta":{"_bbp_topic_count":0,"_bbp_reply_count":0,"_bbp_total_topic_count":0,"_bbp_total_reply_count":0,"_bbp_voice_count":0,"_bbp_anonymous_reply_count":0,"_bbp_topic_count_hidden":0,"_bbp_reply_count_hidden":0,"_bbp_forum_subforum_count":0,"footnotes":""},"categories":[13,15,23,4,5],"tags":[67],"class_list":["post-6784","post","type-post","status-publish","format-standard","hentry","category-cinque","category-cicle-superior","category-escola-verda","category-portada","category-primaria","tag-lhort"],"post_mailing_queue_ids":[],"_links":{"self":[{"href":"https:\/\/agora.xtec.cat\/escolamestralvilanova\/wp-json\/wp\/v2\/posts\/6784","targetHints":{"allow":["GET"]}}],"collection":[{"href":"https:\/\/agora.xtec.cat\/escolamestralvilanova\/wp-json\/wp\/v2\/posts"}],"about":[{"href":"https:\/\/agora.xtec.cat\/escolamestralvilanova\/wp-json\/wp\/v2\/types\/post"}],"author":[{"embeddable":true,"href":"https:\/\/agora.xtec.cat\/escolamestralvilanova\/wp-json\/wp\/v2\/users\/1"}],"replies":[{"embeddable":true,"href":"https:\/\/agora.xtec.cat\/escolamestralvilanova\/wp-json\/wp\/v2\/comments?post=6784"}],"version-history":[{"count":1,"href":"https:\/\/agora.xtec.cat\/escolamestralvilanova\/wp-json\/wp\/v2\/posts\/6784\/revisions"}],"predecessor-version":[{"id":6786,"href":"https:\/\/agora.xtec.cat\/escolamestralvilanova\/wp-json\/wp\/v2\/posts\/6784\/revisions\/6786"}],"wp:attachment":[{"href":"https:\/\/agora.xtec.cat\/escolamestralvilanova\/wp-json\/wp\/v2\/media?parent=6784"}],"wp:term":[{"taxonomy":"category","embeddable":true,"href":"https:\/\/agora.xtec.cat\/escolamestralvilanova\/wp-json\/wp\/v2\/categories?post=6784"},{"taxonomy":"post_tag","embeddable":true,"href":"https:\/\/agora.xtec.cat\/escolamestralvilanova\/wp-json\/wp\/v2\/tags?post=6784"}],"curies":[{"name":"wp","href":"https:\/\/api.w.org\/{rel}","templated":true}]}}