{"id":6758,"date":"2022-03-08T15:08:00","date_gmt":"2022-03-08T14:08:00","guid":{"rendered":"https:\/\/agora.xtec.cat\/escolamestralvilanova\/?p=6758"},"modified":"2022-03-08T15:08:07","modified_gmt":"2022-03-08T14:08:07","slug":"aniversari-mathias","status":"publish","type":"post","link":"https:\/\/agora.xtec.cat\/escolamestralvilanova\/infantil\/aniversari-mathias\/","title":{"rendered":"ANIVERSARI MATIAS"},"content":{"rendered":"<p>Avui hem celebrat que el Matias ha fet 3 anys! Hem menjat coca alhora que li cant\u00e0vem la can\u00e7\u00f3 d&#8217;aniversari!<\/p>\n<p>Tamb\u00e9 ho hem celebrat a l&#8217;estil Montessori, fent tres voltes al sol amb la pilota de la Terra !\u00a0<img decoding=\"async\" class=\"an1\" src=\"https:\/\/fonts.gstatic.com\/s\/e\/notoemoji\/14.0\/2600_fe0f\/32.png\" alt=\"\u2600\ufe0f\" data-emoji=\"\u2600\ufe0f\" aria-label=\"\u2600\ufe0f\" \/><\/p>\n<p>I, a m\u00e9s, li hem pintat una pedreta com a regal, li hem fet una corona i hem jugat amb globus i confeti!<br \/>\nPer molts anys Matias!\u00a0<img decoding=\"async\" class=\"an1\" src=\"https:\/\/fonts.gstatic.com\/s\/e\/notoemoji\/14.0\/1f973\/32.png\" alt=\"\ud83e\udd73\" data-emoji=\"\ud83e\udd73\" aria-label=\"\ud83e\udd73\" \/><\/p>\n<p>Per \u00faltim, amb motiu del dia de la Dona, hem explicat el conte: &#8220;Max i els superherois&#8221; on la protagonista \u00e9s una superhero\u00efna: la seva mare!!<\/p>\n<ul>\n<li><a href=\"https:\/\/photos.app.goo.gl\/6QtxCmfH7R7gE4Yx7\">ENLLA\u00c7 A LES FOTOGRAFIES<\/a><\/li>\n<\/ul>\n<p><a href=\"https:\/\/photos.app.goo.gl\/6QtxCmfH7R7gE4Yx7\"><img loading=\"lazy\" decoding=\"async\" class=\"alignnone size-medium wp-image-6759\" src=\"https:\/\/agora.xtec.cat\/escolamestralvilanova\/wp-content\/uploads\/usu729\/2022\/03\/PHOTO-2022-03-08-14-08-15-169x300.jpg\" alt=\"\" width=\"169\" height=\"300\" srcset=\"https:\/\/agora.xtec.cat\/escolamestralvilanova\/wp-content\/uploads\/usu729\/2022\/03\/PHOTO-2022-03-08-14-08-15-169x300.jpg 169w, https:\/\/agora.xtec.cat\/escolamestralvilanova\/wp-content\/uploads\/usu729\/2022\/03\/PHOTO-2022-03-08-14-08-15-576x1024.jpg 576w, https:\/\/agora.xtec.cat\/escolamestralvilanova\/wp-content\/uploads\/usu729\/2022\/03\/PHOTO-2022-03-08-14-08-15-768x1365.jpg 768w, https:\/\/agora.xtec.cat\/escolamestralvilanova\/wp-content\/uploads\/usu729\/2022\/03\/PHOTO-2022-03-08-14-08-15-864x1536.jpg 864w, https:\/\/agora.xtec.cat\/escolamestralvilanova\/wp-content\/uploads\/usu729\/2022\/03\/PHOTO-2022-03-08-14-08-15.jpg 1080w\" sizes=\"auto, (max-width: 169px) 100vw, 169px\" \/><\/a><\/p>\n<div class=\"yj6qo\"><\/div>\n","protected":false},"excerpt":{"rendered":"<p>Avui hem celebrat que el Matias ha fet 3 anys! Hem menjat coca alhora que li cant\u00e0vem la can\u00e7\u00f3 d&#8217;aniversari!<br \/>\nTamb\u00e9 ho hem celebrat a l&#8217;estil Montessori, fent tres voltes al sol amb la pilota de la Terra !\u00a0<br \/>\nI, a m\u00e9s, li hem pintat una pedreta&hellip;  <a href=\"https:\/\/agora.xtec.cat\/escolamestralvilanova\/infantil\/aniversari-mathias\/\" title=\"Read ANIVERSARI MATIAS\">Llegeix m\u00e9s\u00bb<\/a><\/p>\n","protected":false},"author":1,"featured_media":0,"comment_status":"open","ping_status":"closed","sticky":false,"template":"","format":"standard","meta":{"_bbp_topic_count":0,"_bbp_reply_count":0,"_bbp_total_topic_count":0,"_bbp_total_reply_count":0,"_bbp_voice_count":0,"_bbp_anonymous_reply_count":0,"_bbp_topic_count_hidden":0,"_bbp_reply_count_hidden":0,"_bbp_forum_subforum_count":0,"footnotes":""},"categories":[14,59,2,4],"tags":[],"class_list":["post-6758","post","type-post","status-publish","format-standard","hentry","category-ei1-ei2","category-primer-cicle-ed-infantil","category-infantil","category-portada"],"post_mailing_queue_ids":[],"_links":{"self":[{"href":"https:\/\/agora.xtec.cat\/escolamestralvilanova\/wp-json\/wp\/v2\/posts\/6758","targetHints":{"allow":["GET"]}}],"collection":[{"href":"https:\/\/agora.xtec.cat\/escolamestralvilanova\/wp-json\/wp\/v2\/posts"}],"about":[{"href":"https:\/\/agora.xtec.cat\/escolamestralvilanova\/wp-json\/wp\/v2\/types\/post"}],"author":[{"embeddable":true,"href":"https:\/\/agora.xtec.cat\/escolamestralvilanova\/wp-json\/wp\/v2\/users\/1"}],"replies":[{"embeddable":true,"href":"https:\/\/agora.xtec.cat\/escolamestralvilanova\/wp-json\/wp\/v2\/comments?post=6758"}],"version-history":[{"count":2,"href":"https:\/\/agora.xtec.cat\/escolamestralvilanova\/wp-json\/wp\/v2\/posts\/6758\/revisions"}],"predecessor-version":[{"id":6761,"href":"https:\/\/agora.xtec.cat\/escolamestralvilanova\/wp-json\/wp\/v2\/posts\/6758\/revisions\/6761"}],"wp:attachment":[{"href":"https:\/\/agora.xtec.cat\/escolamestralvilanova\/wp-json\/wp\/v2\/media?parent=6758"}],"wp:term":[{"taxonomy":"category","embeddable":true,"href":"https:\/\/agora.xtec.cat\/escolamestralvilanova\/wp-json\/wp\/v2\/categories?post=6758"},{"taxonomy":"post_tag","embeddable":true,"href":"https:\/\/agora.xtec.cat\/escolamestralvilanova\/wp-json\/wp\/v2\/tags?post=6758"}],"curies":[{"name":"wp","href":"https:\/\/api.w.org\/{rel}","templated":true}]}}