{"id":6757,"date":"2022-03-08T16:43:04","date_gmt":"2022-03-08T15:43:04","guid":{"rendered":"https:\/\/agora.xtec.cat\/escolamestralvilanova\/?p=6757"},"modified":"2022-03-08T16:43:25","modified_gmt":"2022-03-08T15:43:25","slug":"8-de-marc-dia-de-la-dona","status":"publish","type":"post","link":"https:\/\/agora.xtec.cat\/escolamestralvilanova\/general\/8-de-marc-dia-de-la-dona\/","title":{"rendered":"8 DE MAR\u00c7, DIA DE LA DONA"},"content":{"rendered":"<p>Avui 8 de mar\u00e7, amb motiu del dia de la dona que va ser declarat per les Nacions Unides el 1975, a l&#8217;escola hem realitzat una s\u00e8rie d&#8217;activitats per tal de d&#8217;afavorir la consci\u00e8ncia per la igualtat de g\u00e8nere.<\/p>\n<p>Hem treballat aquest dia a trav\u00e9s de diferents contes que ens ajuden a ser conscients de les desigualtats que hi ha a la nostra societat actual: <strong>&#8220;Les nines s\u00f3n per a les nenes&#8221;, &#8220;La princesa rebel&#8221;, &#8220;Els homes no plorem&#8221;, &#8220;Quan les nenes volen alt&#8221;&#8230;<\/strong><\/p>\n<p>Tamb\u00e9 hem reflexionat sobre l&#8217;\u00fas sexista de les joguines i quin paper tenen en la societat d&#8217;avui en dia.<\/p>\n<p>Per \u00faltim, cada infant ha dibuixat i descrit la dona que m\u00e9s admira.<\/p>\n<p>Ha estat un dia molt especial i reflexiu.<\/p>\n<p><img loading=\"lazy\" decoding=\"async\" class=\"alignnone wp-image-6762 size-medium\" src=\"https:\/\/agora.xtec.cat\/escolamestralvilanova\/wp-content\/uploads\/usu729\/2022\/03\/IMG-7605-rotated-e1646754176298-225x300.jpg\" alt=\"\" width=\"225\" height=\"300\" srcset=\"https:\/\/agora.xtec.cat\/escolamestralvilanova\/wp-content\/uploads\/usu729\/2022\/03\/IMG-7605-rotated-e1646754176298-225x300.jpg 225w, https:\/\/agora.xtec.cat\/escolamestralvilanova\/wp-content\/uploads\/usu729\/2022\/03\/IMG-7605-rotated-e1646754176298.jpg 480w\" sizes=\"auto, (max-width: 225px) 100vw, 225px\" \/><\/p>\n","protected":false},"excerpt":{"rendered":"<p>Avui 8 de mar\u00e7, amb motiu del dia de la dona que va ser declarat per les Nacions Unides el 1975, a l&#8217;escola hem realitzat una s\u00e8rie d&#8217;activitats per tal de d&#8217;afavorir la consci\u00e8ncia per la igualtat de g\u00e8nere.<br \/>\nHem treballat aquest dia a trav\u00e9s de&hellip;  <a href=\"https:\/\/agora.xtec.cat\/escolamestralvilanova\/general\/8-de-marc-dia-de-la-dona\/\" title=\"Read 8 DE MAR\u00c7, DIA DE LA DONA\">Llegeix m\u00e9s\u00bb<\/a><\/p>\n","protected":false},"author":6,"featured_media":0,"comment_status":"open","ping_status":"closed","sticky":false,"template":"","format":"standard","meta":{"_bbp_topic_count":0,"_bbp_reply_count":0,"_bbp_total_topic_count":0,"_bbp_total_reply_count":0,"_bbp_voice_count":0,"_bbp_anonymous_reply_count":0,"_bbp_topic_count_hidden":0,"_bbp_reply_count_hidden":0,"_bbp_forum_subforum_count":0,"footnotes":""},"categories":[1,4],"tags":[],"class_list":["post-6757","post","type-post","status-publish","format-standard","hentry","category-general","category-portada"],"post_mailing_queue_ids":[],"_links":{"self":[{"href":"https:\/\/agora.xtec.cat\/escolamestralvilanova\/wp-json\/wp\/v2\/posts\/6757","targetHints":{"allow":["GET"]}}],"collection":[{"href":"https:\/\/agora.xtec.cat\/escolamestralvilanova\/wp-json\/wp\/v2\/posts"}],"about":[{"href":"https:\/\/agora.xtec.cat\/escolamestralvilanova\/wp-json\/wp\/v2\/types\/post"}],"author":[{"embeddable":true,"href":"https:\/\/agora.xtec.cat\/escolamestralvilanova\/wp-json\/wp\/v2\/users\/6"}],"replies":[{"embeddable":true,"href":"https:\/\/agora.xtec.cat\/escolamestralvilanova\/wp-json\/wp\/v2\/comments?post=6757"}],"version-history":[{"count":2,"href":"https:\/\/agora.xtec.cat\/escolamestralvilanova\/wp-json\/wp\/v2\/posts\/6757\/revisions"}],"predecessor-version":[{"id":6764,"href":"https:\/\/agora.xtec.cat\/escolamestralvilanova\/wp-json\/wp\/v2\/posts\/6757\/revisions\/6764"}],"wp:attachment":[{"href":"https:\/\/agora.xtec.cat\/escolamestralvilanova\/wp-json\/wp\/v2\/media?parent=6757"}],"wp:term":[{"taxonomy":"category","embeddable":true,"href":"https:\/\/agora.xtec.cat\/escolamestralvilanova\/wp-json\/wp\/v2\/categories?post=6757"},{"taxonomy":"post_tag","embeddable":true,"href":"https:\/\/agora.xtec.cat\/escolamestralvilanova\/wp-json\/wp\/v2\/tags?post=6757"}],"curies":[{"name":"wp","href":"https:\/\/api.w.org\/{rel}","templated":true}]}}