{"id":6742,"date":"2022-03-07T22:04:49","date_gmt":"2022-03-07T21:04:49","guid":{"rendered":"https:\/\/agora.xtec.cat\/escolamestralvilanova\/?p=6742"},"modified":"2022-03-08T09:13:33","modified_gmt":"2022-03-08T08:13:33","slug":"capsa-de-vida-genis","status":"publish","type":"post","link":"https:\/\/agora.xtec.cat\/escolamestralvilanova\/infantil\/capsa-de-vida-genis\/","title":{"rendered":"CAPSA DE VIDA GEN\u00cdS"},"content":{"rendered":"<p>Avui ha estat el torn del Gen\u00eds! Dins la seva capsa hi ha posat els seg\u00fcents elements significatius per a ell:<br \/>\n&#8211; El Mic, que li encanta<br \/>\n&#8211; Uns cotxes de fusta amb els que han jugat de valent<br \/>\n&#8211; Un \u00e0lbum de fotos amb imatges de la seva fam\u00edlia<br \/>\n&#8211; Un comandament a dist\u00e0ncia que feia m\u00fasica<br \/>\n&#8211; Una maraca, que sempre la toca a casa!<br \/>\n&#8211; I, 4 contes que hem explicat i posteriorment ells han fullejat!<br \/>\nMoltes gr\u00e0cies fam\u00edlia, s&#8217;ho han passat d&#8217;all\u00f2 m\u00e9s b\u00e9 jugant amb tantes coses! <img decoding=\"async\" class=\"an1\" src=\"https:\/\/fonts.gstatic.com\/s\/e\/notoemoji\/14.0\/1f60a\/72.png\" alt=\"\ud83d\ude0a\" data-emoji=\"\ud83d\ude0a\" aria-label=\"\ud83d\ude0a\" \/><\/p>\n<ul>\n<li><a href=\"https:\/\/photos.app.goo.gl\/jyq7vQWSjSEZzMhj6\">ENLLA\u00c7 A LES FOTOGRAFIES<\/a><\/li>\n<\/ul>\n<p><a href=\"https:\/\/photos.app.goo.gl\/jyq7vQWSjSEZzMhj6\"><img loading=\"lazy\" decoding=\"async\" class=\"alignnone size-medium wp-image-6743\" src=\"https:\/\/agora.xtec.cat\/escolamestralvilanova\/wp-content\/uploads\/usu729\/2022\/03\/PHOTO-2022-03-07-17-34-33-169x300.jpg\" alt=\"\" width=\"169\" height=\"300\" srcset=\"https:\/\/agora.xtec.cat\/escolamestralvilanova\/wp-content\/uploads\/usu729\/2022\/03\/PHOTO-2022-03-07-17-34-33-169x300.jpg 169w, https:\/\/agora.xtec.cat\/escolamestralvilanova\/wp-content\/uploads\/usu729\/2022\/03\/PHOTO-2022-03-07-17-34-33-576x1024.jpg 576w, https:\/\/agora.xtec.cat\/escolamestralvilanova\/wp-content\/uploads\/usu729\/2022\/03\/PHOTO-2022-03-07-17-34-33-768x1365.jpg 768w, https:\/\/agora.xtec.cat\/escolamestralvilanova\/wp-content\/uploads\/usu729\/2022\/03\/PHOTO-2022-03-07-17-34-33-864x1536.jpg 864w, https:\/\/agora.xtec.cat\/escolamestralvilanova\/wp-content\/uploads\/usu729\/2022\/03\/PHOTO-2022-03-07-17-34-33.jpg 1080w\" sizes=\"auto, (max-width: 169px) 100vw, 169px\" \/><\/a><\/p>\n","protected":false},"excerpt":{"rendered":"<p>Avui ha estat el torn del Gen\u00eds! Dins la seva capsa hi ha posat els seg\u00fcents elements significatius per a ell:<br \/>\n&#8211; El Mic, que li encanta<br \/>\n&#8211; Uns cotxes de fusta amb els que han jugat de valent<br \/>\n&#8211; Un \u00e0lbum de fotos amb imatges de la&hellip;  <a href=\"https:\/\/agora.xtec.cat\/escolamestralvilanova\/infantil\/capsa-de-vida-genis\/\" title=\"Read CAPSA DE VIDA GEN\u00cdS\">Llegeix m\u00e9s\u00bb<\/a><\/p>\n","protected":false},"author":1,"featured_media":0,"comment_status":"open","ping_status":"closed","sticky":false,"template":"","format":"standard","meta":{"_bbp_topic_count":0,"_bbp_reply_count":0,"_bbp_total_topic_count":0,"_bbp_total_reply_count":0,"_bbp_voice_count":0,"_bbp_anonymous_reply_count":0,"_bbp_topic_count_hidden":0,"_bbp_reply_count_hidden":0,"_bbp_forum_subforum_count":0,"footnotes":""},"categories":[14,59,2,4],"tags":[],"class_list":["post-6742","post","type-post","status-publish","format-standard","hentry","category-ei1-ei2","category-primer-cicle-ed-infantil","category-infantil","category-portada"],"post_mailing_queue_ids":[],"_links":{"self":[{"href":"https:\/\/agora.xtec.cat\/escolamestralvilanova\/wp-json\/wp\/v2\/posts\/6742","targetHints":{"allow":["GET"]}}],"collection":[{"href":"https:\/\/agora.xtec.cat\/escolamestralvilanova\/wp-json\/wp\/v2\/posts"}],"about":[{"href":"https:\/\/agora.xtec.cat\/escolamestralvilanova\/wp-json\/wp\/v2\/types\/post"}],"author":[{"embeddable":true,"href":"https:\/\/agora.xtec.cat\/escolamestralvilanova\/wp-json\/wp\/v2\/users\/1"}],"replies":[{"embeddable":true,"href":"https:\/\/agora.xtec.cat\/escolamestralvilanova\/wp-json\/wp\/v2\/comments?post=6742"}],"version-history":[{"count":1,"href":"https:\/\/agora.xtec.cat\/escolamestralvilanova\/wp-json\/wp\/v2\/posts\/6742\/revisions"}],"predecessor-version":[{"id":6744,"href":"https:\/\/agora.xtec.cat\/escolamestralvilanova\/wp-json\/wp\/v2\/posts\/6742\/revisions\/6744"}],"wp:attachment":[{"href":"https:\/\/agora.xtec.cat\/escolamestralvilanova\/wp-json\/wp\/v2\/media?parent=6742"}],"wp:term":[{"taxonomy":"category","embeddable":true,"href":"https:\/\/agora.xtec.cat\/escolamestralvilanova\/wp-json\/wp\/v2\/categories?post=6742"},{"taxonomy":"post_tag","embeddable":true,"href":"https:\/\/agora.xtec.cat\/escolamestralvilanova\/wp-json\/wp\/v2\/tags?post=6742"}],"curies":[{"name":"wp","href":"https:\/\/api.w.org\/{rel}","templated":true}]}}