{"id":6734,"date":"2022-03-04T18:15:05","date_gmt":"2022-03-04T17:15:05","guid":{"rendered":"https:\/\/agora.xtec.cat\/escolamestralvilanova\/?p=6734"},"modified":"2022-03-04T18:15:24","modified_gmt":"2022-03-04T17:15:24","slug":"fi-de-carnaval-i-aniversari-lia","status":"publish","type":"post","link":"https:\/\/agora.xtec.cat\/escolamestralvilanova\/infantil\/fi-de-carnaval-i-aniversari-lia\/","title":{"rendered":"FI DE CARNAVAL I ANIVERSARI LIA"},"content":{"rendered":"<p>Avui hem donat per finalitzada la festa de Carnaval vestits amb totes les consignes que el Rei Carnestoltes ens va donar i avui ens ha vingut a visitar a l&#8217;aula ! Us deixem tamb\u00e9 amb la proposta que vam fer ahir amb confeti i altres elements!! <img decoding=\"async\" class=\"an1\" src=\"https:\/\/fonts.gstatic.com\/s\/e\/notoemoji\/14.0\/1f973\/72.png\" alt=\"\ud83e\udd73\" data-emoji=\"\ud83e\udd73\" aria-label=\"\ud83e\udd73\" \/><\/p>\n<p>A m\u00e9s, hem celebrat el primer aniversari de la Lia, on hem menjat coca alhora que li cant\u00e0vem la can\u00e7\u00f3. Tamb\u00e9 li hem pintat una pedreta com a regal, li hem fet una corona i hem jugat amb globus i confeti!<\/p>\n<p>A la tarda, els de l&#8217;AMPA tamb\u00e9 ens han portat coca amb xocolata a tota l&#8217;escola i estava bon\u00edssima!<\/p>\n<p>Que tingueu un bon cap de setmana de Carnaval fam\u00edlies! <img decoding=\"async\" class=\"an1\" src=\"https:\/\/fonts.gstatic.com\/s\/e\/notoemoji\/14.0\/1f973\/72.png\" alt=\"\ud83e\udd73\" data-emoji=\"\ud83e\udd73\" aria-label=\"\ud83e\udd73\" \/><\/p>\n<ul>\n<li><a href=\"https:\/\/photos.app.goo.gl\/So8LDApRRofjzncS6\">ENLLA\u00c7 A LES FOTOGRAFIES<\/a><\/li>\n<\/ul>\n<p><a href=\"https:\/\/photos.app.goo.gl\/So8LDApRRofjzncS6\"><img loading=\"lazy\" decoding=\"async\" class=\"alignnone size-medium wp-image-6735\" src=\"https:\/\/agora.xtec.cat\/escolamestralvilanova\/wp-content\/uploads\/usu729\/2022\/03\/PHOTO-2022-03-04-16-54-14-169x300.jpg\" alt=\"\" width=\"169\" height=\"300\" srcset=\"https:\/\/agora.xtec.cat\/escolamestralvilanova\/wp-content\/uploads\/usu729\/2022\/03\/PHOTO-2022-03-04-16-54-14-169x300.jpg 169w, https:\/\/agora.xtec.cat\/escolamestralvilanova\/wp-content\/uploads\/usu729\/2022\/03\/PHOTO-2022-03-04-16-54-14-576x1024.jpg 576w, https:\/\/agora.xtec.cat\/escolamestralvilanova\/wp-content\/uploads\/usu729\/2022\/03\/PHOTO-2022-03-04-16-54-14-768x1365.jpg 768w, https:\/\/agora.xtec.cat\/escolamestralvilanova\/wp-content\/uploads\/usu729\/2022\/03\/PHOTO-2022-03-04-16-54-14-864x1536.jpg 864w, https:\/\/agora.xtec.cat\/escolamestralvilanova\/wp-content\/uploads\/usu729\/2022\/03\/PHOTO-2022-03-04-16-54-14.jpg 1080w\" sizes=\"auto, (max-width: 169px) 100vw, 169px\" \/><\/a><\/p>\n","protected":false},"excerpt":{"rendered":"<p>Avui hem donat per finalitzada la festa de Carnaval vestits amb totes les consignes que el Rei Carnestoltes ens va donar i avui ens ha vingut a visitar a l&#8217;aula ! Us deixem tamb\u00e9 amb la proposta que vam fer ahir amb confeti i altres&hellip;  <a href=\"https:\/\/agora.xtec.cat\/escolamestralvilanova\/infantil\/fi-de-carnaval-i-aniversari-lia\/\" title=\"Read FI DE CARNAVAL I ANIVERSARI LIA\">Llegeix m\u00e9s\u00bb<\/a><\/p>\n","protected":false},"author":1,"featured_media":0,"comment_status":"open","ping_status":"closed","sticky":false,"template":"","format":"standard","meta":{"_bbp_topic_count":0,"_bbp_reply_count":0,"_bbp_total_topic_count":0,"_bbp_total_reply_count":0,"_bbp_voice_count":0,"_bbp_anonymous_reply_count":0,"_bbp_topic_count_hidden":0,"_bbp_reply_count_hidden":0,"_bbp_forum_subforum_count":0,"footnotes":""},"categories":[14,59,2,4],"tags":[],"class_list":["post-6734","post","type-post","status-publish","format-standard","hentry","category-ei1-ei2","category-primer-cicle-ed-infantil","category-infantil","category-portada"],"post_mailing_queue_ids":[],"_links":{"self":[{"href":"https:\/\/agora.xtec.cat\/escolamestralvilanova\/wp-json\/wp\/v2\/posts\/6734","targetHints":{"allow":["GET"]}}],"collection":[{"href":"https:\/\/agora.xtec.cat\/escolamestralvilanova\/wp-json\/wp\/v2\/posts"}],"about":[{"href":"https:\/\/agora.xtec.cat\/escolamestralvilanova\/wp-json\/wp\/v2\/types\/post"}],"author":[{"embeddable":true,"href":"https:\/\/agora.xtec.cat\/escolamestralvilanova\/wp-json\/wp\/v2\/users\/1"}],"replies":[{"embeddable":true,"href":"https:\/\/agora.xtec.cat\/escolamestralvilanova\/wp-json\/wp\/v2\/comments?post=6734"}],"version-history":[{"count":2,"href":"https:\/\/agora.xtec.cat\/escolamestralvilanova\/wp-json\/wp\/v2\/posts\/6734\/revisions"}],"predecessor-version":[{"id":6737,"href":"https:\/\/agora.xtec.cat\/escolamestralvilanova\/wp-json\/wp\/v2\/posts\/6734\/revisions\/6737"}],"wp:attachment":[{"href":"https:\/\/agora.xtec.cat\/escolamestralvilanova\/wp-json\/wp\/v2\/media?parent=6734"}],"wp:term":[{"taxonomy":"category","embeddable":true,"href":"https:\/\/agora.xtec.cat\/escolamestralvilanova\/wp-json\/wp\/v2\/categories?post=6734"},{"taxonomy":"post_tag","embeddable":true,"href":"https:\/\/agora.xtec.cat\/escolamestralvilanova\/wp-json\/wp\/v2\/tags?post=6734"}],"curies":[{"name":"wp","href":"https:\/\/api.w.org\/{rel}","templated":true}]}}