{"id":6724,"date":"2022-03-04T13:50:43","date_gmt":"2022-03-04T12:50:43","guid":{"rendered":"https:\/\/agora.xtec.cat\/escolamestralvilanova\/?p=6724"},"modified":"2022-03-04T13:50:43","modified_gmt":"2022-03-04T12:50:43","slug":"carnaval-a-infantil","status":"publish","type":"post","link":"https:\/\/agora.xtec.cat\/escolamestralvilanova\/infantil\/carnaval-a-infantil\/","title":{"rendered":"CARNAVAL A INFANTIL!"},"content":{"rendered":"<p>Aquests dies a EI3-EI4 hem treballat entorn la festa del carnaval.<\/p>\n<p>El divendres passat vam comen\u00e7ar amb un conte anomenat &#8220;Carnaval al bosc&#8221;, el qual treballa valors com l&#8217;empatia i l&#8217;amistat. Hem reflexionat sobre el qu\u00e8 passa al conte i l&#8217;hem ordenat seq\u00fc\u00e8ncialment amb imatges.<\/p>\n<p>Aquest divendres hem fet una activitat pl\u00e0stica molt divertida que ens ha agradat molt! Hem escollit un paper de color i hem enganxat la nostra cara i amb retoladors, plomes i paper de seda l&#8217;hem decorat.<\/p>\n<p>Tamb\u00e9 hem jugat i experimentat amb aquest material i amb confeti.\u00a0 Finalment, ens l&#8217;hem tirat per sobre i hem ballat amb m\u00fasica de carnaval.<\/p>\n<div>Ah! I tamb\u00e9 hem tingut la visita del Rei Carnestoltes!<\/div>\n<div><\/div>\n<ul>\n<li><a href=\"https:\/\/photos.app.goo.gl\/zbuaWgEueaZ8FME8A\">ENLLA\u00c7 A LES FOTOGRAFIES<\/a><\/li>\n<\/ul>\n<p><a href=\"https:\/\/photos.app.goo.gl\/zbuaWgEueaZ8FME8A\"><img loading=\"lazy\" decoding=\"async\" class=\"alignnone size-medium wp-image-6725\" src=\"https:\/\/agora.xtec.cat\/escolamestralvilanova\/wp-content\/uploads\/usu729\/2022\/03\/IMG_20220304_101648-300x225.jpg\" alt=\"\" width=\"300\" height=\"225\" srcset=\"https:\/\/agora.xtec.cat\/escolamestralvilanova\/wp-content\/uploads\/usu729\/2022\/03\/IMG_20220304_101648-300x225.jpg 300w, https:\/\/agora.xtec.cat\/escolamestralvilanova\/wp-content\/uploads\/usu729\/2022\/03\/IMG_20220304_101648-200x150.jpg 200w, https:\/\/agora.xtec.cat\/escolamestralvilanova\/wp-content\/uploads\/usu729\/2022\/03\/IMG_20220304_101648.jpg 640w\" sizes=\"auto, (max-width: 300px) 100vw, 300px\" \/><\/a><\/p>\n","protected":false},"excerpt":{"rendered":"<p>Aquests dies a EI3-EI4 hem treballat entorn la festa del carnaval.<br \/>\nEl divendres passat vam comen\u00e7ar amb un conte anomenat &#8220;Carnaval al bosc&#8221;, el qual treballa valors com l&#8217;empatia i l&#8217;amistat. Hem reflexionat sobre el qu\u00e8 passa al conte i l&#8217;hem ordenat seq\u00fc\u00e8ncialment amb imatges.<br \/>\nAquest divendres&hellip;  <a href=\"https:\/\/agora.xtec.cat\/escolamestralvilanova\/infantil\/carnaval-a-infantil\/\" title=\"Read CARNAVAL A INFANTIL!\">Llegeix m\u00e9s\u00bb<\/a><\/p>\n","protected":false},"author":1,"featured_media":0,"comment_status":"open","ping_status":"closed","sticky":false,"template":"","format":"standard","meta":{"_bbp_topic_count":0,"_bbp_reply_count":0,"_bbp_total_topic_count":0,"_bbp_total_reply_count":0,"_bbp_voice_count":0,"_bbp_anonymous_reply_count":0,"_bbp_topic_count_hidden":0,"_bbp_reply_count_hidden":0,"_bbp_forum_subforum_count":0,"footnotes":""},"categories":[3,8,2,4],"tags":[64],"class_list":["post-6724","post","type-post","status-publish","format-standard","hentry","category-ei3-ei4-ei5","category-ei4","category-infantil","category-portada","tag-carnaval"],"post_mailing_queue_ids":[],"_links":{"self":[{"href":"https:\/\/agora.xtec.cat\/escolamestralvilanova\/wp-json\/wp\/v2\/posts\/6724","targetHints":{"allow":["GET"]}}],"collection":[{"href":"https:\/\/agora.xtec.cat\/escolamestralvilanova\/wp-json\/wp\/v2\/posts"}],"about":[{"href":"https:\/\/agora.xtec.cat\/escolamestralvilanova\/wp-json\/wp\/v2\/types\/post"}],"author":[{"embeddable":true,"href":"https:\/\/agora.xtec.cat\/escolamestralvilanova\/wp-json\/wp\/v2\/users\/1"}],"replies":[{"embeddable":true,"href":"https:\/\/agora.xtec.cat\/escolamestralvilanova\/wp-json\/wp\/v2\/comments?post=6724"}],"version-history":[{"count":1,"href":"https:\/\/agora.xtec.cat\/escolamestralvilanova\/wp-json\/wp\/v2\/posts\/6724\/revisions"}],"predecessor-version":[{"id":6726,"href":"https:\/\/agora.xtec.cat\/escolamestralvilanova\/wp-json\/wp\/v2\/posts\/6724\/revisions\/6726"}],"wp:attachment":[{"href":"https:\/\/agora.xtec.cat\/escolamestralvilanova\/wp-json\/wp\/v2\/media?parent=6724"}],"wp:term":[{"taxonomy":"category","embeddable":true,"href":"https:\/\/agora.xtec.cat\/escolamestralvilanova\/wp-json\/wp\/v2\/categories?post=6724"},{"taxonomy":"post_tag","embeddable":true,"href":"https:\/\/agora.xtec.cat\/escolamestralvilanova\/wp-json\/wp\/v2\/tags?post=6724"}],"curies":[{"name":"wp","href":"https:\/\/api.w.org\/{rel}","templated":true}]}}