{"id":6694,"date":"2022-03-01T09:54:32","date_gmt":"2022-03-01T08:54:32","guid":{"rendered":"https:\/\/agora.xtec.cat\/escolamestralvilanova\/?p=6694"},"modified":"2022-03-01T09:56:09","modified_gmt":"2022-03-01T08:56:09","slug":"art-truck-a-lescola","status":"publish","type":"post","link":"https:\/\/agora.xtec.cat\/escolamestralvilanova\/portada\/art-truck-a-lescola\/","title":{"rendered":"ART TRUCK A L&#8217;ESCOLA!"},"content":{"rendered":"<p style=\"text-align: justify;\">L&#8217;art truck torna a l&#8217;escola Mestral per Carnaval!!*<img decoding=\"async\" class=\"an1\" src=\"https:\/\/fonts.gstatic.com\/s\/e\/notoemoji\/14.0\/1f469_200d_1f3a8\/32.png\" alt=\"\ud83d\udc69\u200d\ud83c\udfa8\" data-emoji=\"\ud83d\udc69\u200d\ud83c\udfa8\" aria-label=\"\ud83d\udc69\u200d\ud83c\udfa8\" \/><img decoding=\"async\" class=\"an1\" src=\"https:\/\/fonts.gstatic.com\/s\/e\/notoemoji\/14.0\/1f468_200d_1f3a8\/32.png\" alt=\"\ud83d\udc68\u200d\ud83c\udfa8\" data-emoji=\"\ud83d\udc68\u200d\ud83c\udfa8\" aria-label=\"\ud83d\udc68\u200d\ud83c\udfa8\" \/><\/p>\n<p style=\"text-align: justify;\">Aquest curs *Sercodaga* inicia un projecte per fer arribar l&#8217;art\u00a0<img decoding=\"async\" class=\"an1\" src=\"https:\/\/fonts.gstatic.com\/s\/e\/notoemoji\/14.0\/1f58c_fe0f\/32.png\" alt=\"\ud83d\udd8c\ufe0f\" data-emoji=\"\ud83d\udd8c\ufe0f\" aria-label=\"\ud83d\udd8c\ufe0f\" \/><img decoding=\"async\" class=\"an1\" src=\"https:\/\/fonts.gstatic.com\/s\/e\/notoemoji\/14.0\/1f3a8\/32.png\" alt=\"\ud83c\udfa8\" data-emoji=\"\ud83c\udfa8\" aria-label=\"\ud83c\udfa8\" \/><img decoding=\"async\" class=\"an1\" src=\"https:\/\/fonts.gstatic.com\/s\/e\/notoemoji\/14.0\/1f5bc_fe0f\/32.png\" alt=\"\ud83d\uddbc\ufe0f\" data-emoji=\"\ud83d\uddbc\ufe0f\" aria-label=\"\ud83d\uddbc\ufe0f\" \/> a les escoles.<\/p>\n<p style=\"text-align: justify;\">Durant una setmana tindrem la caravana\u00a0<img decoding=\"async\" class=\"an1\" src=\"https:\/\/fonts.gstatic.com\/s\/e\/notoemoji\/14.0\/1f68e\/32.png\" alt=\"\ud83d\ude8e\" data-emoji=\"\ud83d\ude8e\" aria-label=\"\ud83d\ude8e\" \/>de Sola\u00e7 a l&#8217;escola\u00a0<img decoding=\"async\" class=\"an1\" src=\"https:\/\/fonts.gstatic.com\/s\/e\/notoemoji\/14.0\/1f3eb\/32.png\" alt=\"\ud83c\udfeb\" data-emoji=\"\ud83c\udfeb\" aria-label=\"\ud83c\udfeb\" \/>i els infants\u00a0<img decoding=\"async\" class=\"an1\" src=\"https:\/\/fonts.gstatic.com\/s\/e\/notoemoji\/14.0\/1f467_1f3fb\/32.png\" alt=\"\ud83d\udc67\ud83c\udffb\" data-emoji=\"\ud83d\udc67\ud83c\udffb\" aria-label=\"\ud83d\udc67\ud83c\udffb\" \/><img decoding=\"async\" class=\"an1\" src=\"https:\/\/fonts.gstatic.com\/s\/e\/notoemoji\/14.0\/1f9d2\/32.png\" alt=\"\ud83e\uddd2\" data-emoji=\"\ud83e\uddd2\" aria-label=\"\ud83e\uddd2\" \/><img decoding=\"async\" class=\"an1\" src=\"https:\/\/fonts.gstatic.com\/s\/e\/notoemoji\/14.0\/1f466_1f3fc\/32.png\" alt=\"\ud83d\udc66\ud83c\udffc\" data-emoji=\"\ud83d\udc66\ud83c\udffc\" aria-label=\"\ud83d\udc66\ud83c\udffc\" \/>de EI3 a 6\u00e8 en podran gaudir en les estones de menjador.<\/p>\n<p style=\"text-align: justify;\">De ben segur ser\u00e0 una gran experi\u00e8ncia, la f\u00f3rmula d&#8217;un bon \u00e0pat saludable i una estona d&#8217;art no pot fallar<img decoding=\"async\" class=\"an1\" src=\"https:\/\/fonts.gstatic.com\/s\/e\/notoemoji\/14.0\/1f389\/32.png\" alt=\"\ud83c\udf89\" data-emoji=\"\ud83c\udf89\" aria-label=\"\ud83c\udf89\" \/><img decoding=\"async\" class=\"an1\" src=\"https:\/\/fonts.gstatic.com\/s\/e\/notoemoji\/14.0\/1f389\/32.png\" alt=\"\ud83c\udf89\" data-emoji=\"\ud83c\udf89\" aria-label=\"\ud83c\udf89\" \/>!!<\/p>\n<p style=\"text-align: justify;\">Aquest cop la caravana vindr\u00e0 preparada amb un nou taller!!<br \/>\n*La Gran Terenyina<img decoding=\"async\" class=\"an1\" src=\"https:\/\/fonts.gstatic.com\/s\/e\/notoemoji\/14.0\/1f578_fe0f\/32.png\" alt=\"\ud83d\udd78\ufe0f\" data-emoji=\"\ud83d\udd78\ufe0f\" aria-label=\"\ud83d\udd78\ufe0f\" \/>*<\/p>\n<p style=\"text-align: justify;\">Un taller on els infants hauran de teixir entre totes i tots una gran teranyina amb drapet de colors fluor en un entorn de llum UV i vigilant de no quedar atrapats!!<\/p>\n<p><img loading=\"lazy\" decoding=\"async\" class=\"alignnone size-medium wp-image-5939\" src=\"https:\/\/agora.xtec.cat\/escolamestralvilanova\/wp-content\/uploads\/usu729\/2021\/10\/IMG_3197-300x225.jpg\" alt=\"\" width=\"300\" height=\"225\" srcset=\"https:\/\/agora.xtec.cat\/escolamestralvilanova\/wp-content\/uploads\/usu729\/2021\/10\/IMG_3197-300x225.jpg 300w, https:\/\/agora.xtec.cat\/escolamestralvilanova\/wp-content\/uploads\/usu729\/2021\/10\/IMG_3197-200x150.jpg 200w, https:\/\/agora.xtec.cat\/escolamestralvilanova\/wp-content\/uploads\/usu729\/2021\/10\/IMG_3197.jpg 640w\" sizes=\"auto, (max-width: 300px) 100vw, 300px\" \/><\/p>\n","protected":false},"excerpt":{"rendered":"<p>L&#8217;art truck torna a l&#8217;escola Mestral per Carnaval!!*<br \/>\nAquest curs *Sercodaga* inicia un projecte per fer arribar l&#8217;art\u00a0 a les escoles.<br \/>\nDurant una setmana tindrem la caravana\u00a0de Sola\u00e7 a l&#8217;escola\u00a0i els infants\u00a0de EI3 a 6\u00e8 en podran gaudir en les estones de menjador.<br \/>\nDe ben segur ser\u00e0 una&hellip;  <a href=\"https:\/\/agora.xtec.cat\/escolamestralvilanova\/portada\/art-truck-a-lescola\/\" title=\"Read ART TRUCK A L&#8217;ESCOLA!\">Llegeix m\u00e9s\u00bb<\/a><\/p>\n","protected":false},"author":1,"featured_media":0,"comment_status":"open","ping_status":"closed","sticky":false,"template":"","format":"standard","meta":{"_bbp_topic_count":0,"_bbp_reply_count":0,"_bbp_total_topic_count":0,"_bbp_total_reply_count":0,"_bbp_voice_count":0,"_bbp_anonymous_reply_count":0,"_bbp_topic_count_hidden":0,"_bbp_reply_count_hidden":0,"_bbp_forum_subforum_count":0,"footnotes":""},"categories":[4],"tags":[],"class_list":["post-6694","post","type-post","status-publish","format-standard","hentry","category-portada"],"post_mailing_queue_ids":[],"_links":{"self":[{"href":"https:\/\/agora.xtec.cat\/escolamestralvilanova\/wp-json\/wp\/v2\/posts\/6694","targetHints":{"allow":["GET"]}}],"collection":[{"href":"https:\/\/agora.xtec.cat\/escolamestralvilanova\/wp-json\/wp\/v2\/posts"}],"about":[{"href":"https:\/\/agora.xtec.cat\/escolamestralvilanova\/wp-json\/wp\/v2\/types\/post"}],"author":[{"embeddable":true,"href":"https:\/\/agora.xtec.cat\/escolamestralvilanova\/wp-json\/wp\/v2\/users\/1"}],"replies":[{"embeddable":true,"href":"https:\/\/agora.xtec.cat\/escolamestralvilanova\/wp-json\/wp\/v2\/comments?post=6694"}],"version-history":[{"count":3,"href":"https:\/\/agora.xtec.cat\/escolamestralvilanova\/wp-json\/wp\/v2\/posts\/6694\/revisions"}],"predecessor-version":[{"id":6697,"href":"https:\/\/agora.xtec.cat\/escolamestralvilanova\/wp-json\/wp\/v2\/posts\/6694\/revisions\/6697"}],"wp:attachment":[{"href":"https:\/\/agora.xtec.cat\/escolamestralvilanova\/wp-json\/wp\/v2\/media?parent=6694"}],"wp:term":[{"taxonomy":"category","embeddable":true,"href":"https:\/\/agora.xtec.cat\/escolamestralvilanova\/wp-json\/wp\/v2\/categories?post=6694"},{"taxonomy":"post_tag","embeddable":true,"href":"https:\/\/agora.xtec.cat\/escolamestralvilanova\/wp-json\/wp\/v2\/tags?post=6694"}],"curies":[{"name":"wp","href":"https:\/\/api.w.org\/{rel}","templated":true}]}}