{"id":668,"date":"2018-09-24T21:49:40","date_gmt":"2018-09-24T19:49:40","guid":{"rendered":"http:\/\/agora.xtec.cat\/escolamestralvilanova\/?p=668"},"modified":"2018-09-24T21:49:40","modified_gmt":"2018-09-24T19:49:40","slug":"reunio-inici-de-curs","status":"publish","type":"post","link":"https:\/\/agora.xtec.cat\/escolamestralvilanova\/portada\/reunio-inici-de-curs\/","title":{"rendered":"REUNI\u00d3 INICI DE CURS"},"content":{"rendered":"<p style=\"text-align: justify;\">El proper <strong>dimecres 26 de setembre<\/strong> de 2018 a les <strong>19:30 hores<\/strong> es dur\u00e0 a terme la reuni\u00f3 d&#8217;inici amb les fam\u00edlies a l&#8217;escola Mestral.<\/p>\n<p style=\"text-align: justify;\">La primera part, conjunta, es desenvolupar\u00e0 a la <strong>Sala gran de les Associacions,\u00a0<\/strong>despr\u00e9s ens trobarem a les respectives aules.<\/p>\n<p style=\"text-align: justify;\">Us hi esperem a tots\/es!<\/p>\n<p style=\"text-align: right;\">Equip de Mestres<\/p>\n","protected":false},"excerpt":{"rendered":"<p>El proper dimecres 26 de setembre de 2018 a les 19:30 hores es dur\u00e0 a terme la reuni\u00f3 d&#8217;inici amb les fam\u00edlies a l&#8217;escola Mestral.<br \/>\nLa primera part, conjunta, es desenvolupar\u00e0 a la Sala gran de les Associacions,\u00a0despr\u00e9s ens trobarem a les respectives aules.<br \/>\nUs hi esperem&hellip;  <a href=\"https:\/\/agora.xtec.cat\/escolamestralvilanova\/portada\/reunio-inici-de-curs\/\" title=\"Read REUNI\u00d3 INICI DE CURS\">Llegeix m\u00e9s\u00bb<\/a><\/p>\n","protected":false},"author":1,"featured_media":0,"comment_status":"open","ping_status":"closed","sticky":false,"template":"","format":"standard","meta":{"_bbp_topic_count":0,"_bbp_reply_count":0,"_bbp_total_topic_count":0,"_bbp_total_reply_count":0,"_bbp_voice_count":0,"_bbp_anonymous_reply_count":0,"_bbp_topic_count_hidden":0,"_bbp_reply_count_hidden":0,"_bbp_forum_subforum_count":0,"footnotes":""},"categories":[4],"tags":[],"class_list":["post-668","post","type-post","status-publish","format-standard","hentry","category-portada"],"post_mailing_queue_ids":[],"_links":{"self":[{"href":"https:\/\/agora.xtec.cat\/escolamestralvilanova\/wp-json\/wp\/v2\/posts\/668","targetHints":{"allow":["GET"]}}],"collection":[{"href":"https:\/\/agora.xtec.cat\/escolamestralvilanova\/wp-json\/wp\/v2\/posts"}],"about":[{"href":"https:\/\/agora.xtec.cat\/escolamestralvilanova\/wp-json\/wp\/v2\/types\/post"}],"author":[{"embeddable":true,"href":"https:\/\/agora.xtec.cat\/escolamestralvilanova\/wp-json\/wp\/v2\/users\/1"}],"replies":[{"embeddable":true,"href":"https:\/\/agora.xtec.cat\/escolamestralvilanova\/wp-json\/wp\/v2\/comments?post=668"}],"version-history":[{"count":2,"href":"https:\/\/agora.xtec.cat\/escolamestralvilanova\/wp-json\/wp\/v2\/posts\/668\/revisions"}],"predecessor-version":[{"id":672,"href":"https:\/\/agora.xtec.cat\/escolamestralvilanova\/wp-json\/wp\/v2\/posts\/668\/revisions\/672"}],"wp:attachment":[{"href":"https:\/\/agora.xtec.cat\/escolamestralvilanova\/wp-json\/wp\/v2\/media?parent=668"}],"wp:term":[{"taxonomy":"category","embeddable":true,"href":"https:\/\/agora.xtec.cat\/escolamestralvilanova\/wp-json\/wp\/v2\/categories?post=668"},{"taxonomy":"post_tag","embeddable":true,"href":"https:\/\/agora.xtec.cat\/escolamestralvilanova\/wp-json\/wp\/v2\/tags?post=668"}],"curies":[{"name":"wp","href":"https:\/\/api.w.org\/{rel}","templated":true}]}}