{"id":6625,"date":"2022-02-25T10:51:50","date_gmt":"2022-02-25T09:51:50","guid":{"rendered":"https:\/\/agora.xtec.cat\/escolamestralvilanova\/?p=6625"},"modified":"2022-02-25T10:51:53","modified_gmt":"2022-02-25T09:51:53","slug":"descrivim-el-nostre-pati","status":"publish","type":"post","link":"https:\/\/agora.xtec.cat\/escolamestralvilanova\/portada\/descrivim-el-nostre-pati\/","title":{"rendered":"DESCRIVIM EL NOSTRE PATI"},"content":{"rendered":"<p>Durant aquesta setmana els alumnes de cinqu\u00e8 hem treballat la tipologia textual de la descripci\u00f3 i per tal de posar en pr\u00e0ctica tot el que hem apr\u00e8s hem descrit el nostre pati.<\/p>\n<p>Per nosaltres \u00e9s un espai molt proper i hem gaudit molt de l&#8217;activitat.<\/p>\n<ul>\n<li><a href=\"https:\/\/photos.app.goo.gl\/XZbUqNqmWN4Lsi457\">ENLLA\u00c7 A LES FOTOGRAFIES<\/a><\/li>\n<\/ul>\n<p><a href=\"https:\/\/photos.app.goo.gl\/XZbUqNqmWN4Lsi457\"><img loading=\"lazy\" decoding=\"async\" class=\"alignnone size-medium wp-image-6626\" src=\"https:\/\/agora.xtec.cat\/escolamestralvilanova\/wp-content\/uploads\/usu729\/2022\/02\/2afa389a-13e5-4a44-b592-83f5552e1ff3-225x300.jpg\" alt=\"\" width=\"225\" height=\"300\" srcset=\"https:\/\/agora.xtec.cat\/escolamestralvilanova\/wp-content\/uploads\/usu729\/2022\/02\/2afa389a-13e5-4a44-b592-83f5552e1ff3-225x300.jpg 225w, https:\/\/agora.xtec.cat\/escolamestralvilanova\/wp-content\/uploads\/usu729\/2022\/02\/2afa389a-13e5-4a44-b592-83f5552e1ff3-768x1024.jpg 768w, https:\/\/agora.xtec.cat\/escolamestralvilanova\/wp-content\/uploads\/usu729\/2022\/02\/2afa389a-13e5-4a44-b592-83f5552e1ff3-1152x1536.jpg 1152w, https:\/\/agora.xtec.cat\/escolamestralvilanova\/wp-content\/uploads\/usu729\/2022\/02\/2afa389a-13e5-4a44-b592-83f5552e1ff3.jpg 1200w\" sizes=\"auto, (max-width: 225px) 100vw, 225px\" \/><\/a><\/p>\n","protected":false},"excerpt":{"rendered":"<p>Durant aquesta setmana els alumnes de cinqu\u00e8 hem treballat la tipologia textual de la descripci\u00f3 i per tal de posar en pr\u00e0ctica tot el que hem apr\u00e8s hem descrit el nostre pati.<br \/>\nPer nosaltres \u00e9s un espai molt proper i hem gaudit molt de l&#8217;activitat.<\/p>\n<ul>\n<li><a href=\"https:\/\/photos.app.goo.gl\/XZbUqNqmWN4Lsi457\">ENLLA\u00c7&hellip;  <a href=\"https:\/\/agora.xtec.cat\/escolamestralvilanova\/portada\/descrivim-el-nostre-pati\/\" title=\"Read DESCRIVIM EL NOSTRE PATI\">Llegeix m\u00e9s\u00bb<\/a><br \/>\n","protected":false},"author":1,"featured_media":0,"comment_status":"open","ping_status":"closed","sticky":false,"template":"","format":"standard","meta":{"_bbp_topic_count":0,"_bbp_reply_count":0,"_bbp_total_topic_count":0,"_bbp_total_reply_count":0,"_bbp_voice_count":0,"_bbp_anonymous_reply_count":0,"_bbp_topic_count_hidden":0,"_bbp_reply_count_hidden":0,"_bbp_forum_subforum_count":0,"footnotes":""},"categories":[13,4,5],"tags":[],"class_list":["post-6625","post","type-post","status-publish","format-standard","hentry","category-cinque","category-portada","category-primaria"],"post_mailing_queue_ids":[],"_links":{"self":[{"href":"https:\/\/agora.xtec.cat\/escolamestralvilanova\/wp-json\/wp\/v2\/posts\/6625","targetHints":{"allow":["GET"]}}],"collection":[{"href":"https:\/\/agora.xtec.cat\/escolamestralvilanova\/wp-json\/wp\/v2\/posts"}],"about":[{"href":"https:\/\/agora.xtec.cat\/escolamestralvilanova\/wp-json\/wp\/v2\/types\/post"}],"author":[{"embeddable":true,"href":"https:\/\/agora.xtec.cat\/escolamestralvilanova\/wp-json\/wp\/v2\/users\/1"}],"replies":[{"embeddable":true,"href":"https:\/\/agora.xtec.cat\/escolamestralvilanova\/wp-json\/wp\/v2\/comments?post=6625"}],"version-history":[{"count":1,"href":"https:\/\/agora.xtec.cat\/escolamestralvilanova\/wp-json\/wp\/v2\/posts\/6625\/revisions"}],"predecessor-version":[{"id":6627,"href":"https:\/\/agora.xtec.cat\/escolamestralvilanova\/wp-json\/wp\/v2\/posts\/6625\/revisions\/6627"}],"wp:attachment":[{"href":"https:\/\/agora.xtec.cat\/escolamestralvilanova\/wp-json\/wp\/v2\/media?parent=6625"}],"wp:term":[{"taxonomy":"category","embeddable":true,"href":"https:\/\/agora.xtec.cat\/escolamestralvilanova\/wp-json\/wp\/v2\/categories?post=6625"},{"taxonomy":"post_tag","embeddable":true,"href":"https:\/\/agora.xtec.cat\/escolamestralvilanova\/wp-json\/wp\/v2\/tags?post=6625"}],"curies":[{"name":"wp","href":"https:\/\/api.w.org\/{rel}","templated":true}]}}