{"id":6607,"date":"2022-02-23T09:44:08","date_gmt":"2022-02-23T08:44:08","guid":{"rendered":"https:\/\/agora.xtec.cat\/escolamestralvilanova\/?p=6607"},"modified":"2022-02-23T09:44:12","modified_gmt":"2022-02-23T08:44:12","slug":"vivim-en-democracia","status":"publish","type":"post","link":"https:\/\/agora.xtec.cat\/escolamestralvilanova\/portada\/vivim-en-democracia\/","title":{"rendered":"VIVIM EN DEMOCR\u00c0CIA"},"content":{"rendered":"<p>Aprofitant que s&#8217;estava treballant el tema &#8220;Vivim en democr\u00e0cia&#8221;, els alumnes de sis\u00e8 vam dur a terme un proc\u00e9s electoral per tal d\u2019escollir el nostre delegat\/da. Aix\u00ed, per dur a terme aquest proc\u00e9s, vam seguir els seg\u00fcents passos:<\/p>\n<ul>\n<li><em>Escollir un esl\u00f2gan<\/em><\/li>\n<li><em>Fer un cartell<\/em><\/li>\n<li><em>Redactar un discurs<\/em><\/li>\n<\/ul>\n<p>Una vegada presentada la nostra candidatura, va arribar el moment d\u2019iniciar el proc\u00e9s d\u2019elecci\u00f3, per la qual cosa vam recordar conceptes com:\u00a0<em>cens, sufragi universal, mesa electoral, etc.<\/em><\/p>\n<p>I aix\u00ed va ser com vam escollir al nostre delegat\/da!<\/p>\n<ul>\n<li><a href=\"https:\/\/photos.app.goo.gl\/9Er6mn2KBNRYo9oC8\">ENLLA\u00c7 A LES FOTOGRAFIES PROC\u00c9S<\/a><\/li>\n<li><a href=\"https:\/\/photos.app.goo.gl\/rWu7jjT38Av2Lxjf8\">ENLLA\u00c7 ALS DISCURSOS<\/a><\/li>\n<li><a href=\"https:\/\/photos.app.goo.gl\/wiz3SoYUtBXphmja7\">ENLLA\u00c7 ALS CARTELLS<\/a><\/li>\n<\/ul>\n<p><img loading=\"lazy\" decoding=\"async\" class=\"alignnone wp-image-6608\" src=\"https:\/\/agora.xtec.cat\/escolamestralvilanova\/wp-content\/uploads\/usu729\/2022\/02\/CARTELLS-300x138.png\" alt=\"\" width=\"567\" height=\"261\" srcset=\"https:\/\/agora.xtec.cat\/escolamestralvilanova\/wp-content\/uploads\/usu729\/2022\/02\/CARTELLS-300x138.png 300w, https:\/\/agora.xtec.cat\/escolamestralvilanova\/wp-content\/uploads\/usu729\/2022\/02\/CARTELLS.png 640w\" sizes=\"auto, (max-width: 567px) 100vw, 567px\" \/><\/p>\n","protected":false},"excerpt":{"rendered":"<p>Aprofitant que s&#8217;estava treballant el tema &#8220;Vivim en democr\u00e0cia&#8221;, els alumnes de sis\u00e8 vam dur a terme un proc\u00e9s electoral per tal d\u2019escollir el nostre delegat\/da. Aix\u00ed, per dur a terme aquest proc\u00e9s, vam seguir els seg\u00fcents passos:<\/p>\n<ul>\n<li>Escollir un esl\u00f2gan<\/li>\n<li>Fer un cartell<\/li>\n<li>Redactar un discurs<\/li>\n<\/ul>\n<p>Una vegada&hellip;  <a href=\"https:\/\/agora.xtec.cat\/escolamestralvilanova\/portada\/vivim-en-democracia\/\" title=\"Read VIVIM EN DEMOCR\u00c0CIA\">Llegeix m\u00e9s\u00bb<\/a><\/p>\n","protected":false},"author":1,"featured_media":0,"comment_status":"open","ping_status":"closed","sticky":false,"template":"","format":"standard","meta":{"_bbp_topic_count":0,"_bbp_reply_count":0,"_bbp_total_topic_count":0,"_bbp_total_reply_count":0,"_bbp_voice_count":0,"_bbp_anonymous_reply_count":0,"_bbp_topic_count_hidden":0,"_bbp_reply_count_hidden":0,"_bbp_forum_subforum_count":0,"footnotes":""},"categories":[15,4],"tags":[],"class_list":["post-6607","post","type-post","status-publish","format-standard","hentry","category-cicle-superior","category-portada"],"post_mailing_queue_ids":[],"_links":{"self":[{"href":"https:\/\/agora.xtec.cat\/escolamestralvilanova\/wp-json\/wp\/v2\/posts\/6607","targetHints":{"allow":["GET"]}}],"collection":[{"href":"https:\/\/agora.xtec.cat\/escolamestralvilanova\/wp-json\/wp\/v2\/posts"}],"about":[{"href":"https:\/\/agora.xtec.cat\/escolamestralvilanova\/wp-json\/wp\/v2\/types\/post"}],"author":[{"embeddable":true,"href":"https:\/\/agora.xtec.cat\/escolamestralvilanova\/wp-json\/wp\/v2\/users\/1"}],"replies":[{"embeddable":true,"href":"https:\/\/agora.xtec.cat\/escolamestralvilanova\/wp-json\/wp\/v2\/comments?post=6607"}],"version-history":[{"count":1,"href":"https:\/\/agora.xtec.cat\/escolamestralvilanova\/wp-json\/wp\/v2\/posts\/6607\/revisions"}],"predecessor-version":[{"id":6609,"href":"https:\/\/agora.xtec.cat\/escolamestralvilanova\/wp-json\/wp\/v2\/posts\/6607\/revisions\/6609"}],"wp:attachment":[{"href":"https:\/\/agora.xtec.cat\/escolamestralvilanova\/wp-json\/wp\/v2\/media?parent=6607"}],"wp:term":[{"taxonomy":"category","embeddable":true,"href":"https:\/\/agora.xtec.cat\/escolamestralvilanova\/wp-json\/wp\/v2\/categories?post=6607"},{"taxonomy":"post_tag","embeddable":true,"href":"https:\/\/agora.xtec.cat\/escolamestralvilanova\/wp-json\/wp\/v2\/tags?post=6607"}],"curies":[{"name":"wp","href":"https:\/\/api.w.org\/{rel}","templated":true}]}}