{"id":6568,"date":"2022-02-15T09:44:34","date_gmt":"2022-02-15T08:44:34","guid":{"rendered":"https:\/\/agora.xtec.cat\/escolamestralvilanova\/?p=6568"},"modified":"2022-02-15T09:44:39","modified_gmt":"2022-02-15T08:44:39","slug":"estimulacio-musical-akai-hana","status":"publish","type":"post","link":"https:\/\/agora.xtec.cat\/escolamestralvilanova\/general\/estimulacio-musical-akai-hana\/","title":{"rendered":"ESTIMULACI\u00d3 MUSICAL: AKAI HANA"},"content":{"rendered":"<p>Els alumnes de cinqu\u00e8 comencem la sessi\u00f3 de m\u00fasica amb Akai Hana, una melodia inspirada en una can\u00e7\u00f3 tradicional del Jap\u00f3.<\/p>\n<p>Ens agrada molt!<\/p>\n<p><a href=\"https:\/\/photos.app.goo.gl\/5fiu4GNNy8LqdL189\"><img loading=\"lazy\" decoding=\"async\" class=\"alignnone wp-image-6570\" src=\"https:\/\/agora.xtec.cat\/escolamestralvilanova\/wp-content\/uploads\/usu729\/2022\/02\/Imatge1-300x162.png\" alt=\"\" width=\"333\" height=\"180\" srcset=\"https:\/\/agora.xtec.cat\/escolamestralvilanova\/wp-content\/uploads\/usu729\/2022\/02\/Imatge1-300x162.png 300w, https:\/\/agora.xtec.cat\/escolamestralvilanova\/wp-content\/uploads\/usu729\/2022\/02\/Imatge1.png 626w\" sizes=\"auto, (max-width: 333px) 100vw, 333px\" \/><\/a><\/p>\n<p>&nbsp;<\/p>\n","protected":false},"excerpt":{"rendered":"<p>Els alumnes de cinqu\u00e8 comencem la sessi\u00f3 de m\u00fasica amb Akai Hana, una melodia inspirada en una can\u00e7\u00f3 tradicional del Jap\u00f3.<br \/>\nEns agrada molt!<br \/>\n<a href=\"https:\/\/photos.app.goo.gl\/5fiu4GNNy8LqdL189\"><\/a><br \/>\n&nbsp;<\/p>\n","protected":false},"author":1,"featured_media":0,"comment_status":"open","ping_status":"closed","sticky":false,"template":"","format":"standard","meta":{"_bbp_topic_count":0,"_bbp_reply_count":0,"_bbp_total_topic_count":0,"_bbp_total_reply_count":0,"_bbp_voice_count":0,"_bbp_anonymous_reply_count":0,"_bbp_topic_count_hidden":0,"_bbp_reply_count_hidden":0,"_bbp_forum_subforum_count":0,"footnotes":""},"categories":[13,1,53,4,5],"tags":[],"class_list":["post-6568","post","type-post","status-publish","format-standard","hentry","category-cinque","category-general","category-lespai-musical","category-portada","category-primaria"],"post_mailing_queue_ids":[],"_links":{"self":[{"href":"https:\/\/agora.xtec.cat\/escolamestralvilanova\/wp-json\/wp\/v2\/posts\/6568","targetHints":{"allow":["GET"]}}],"collection":[{"href":"https:\/\/agora.xtec.cat\/escolamestralvilanova\/wp-json\/wp\/v2\/posts"}],"about":[{"href":"https:\/\/agora.xtec.cat\/escolamestralvilanova\/wp-json\/wp\/v2\/types\/post"}],"author":[{"embeddable":true,"href":"https:\/\/agora.xtec.cat\/escolamestralvilanova\/wp-json\/wp\/v2\/users\/1"}],"replies":[{"embeddable":true,"href":"https:\/\/agora.xtec.cat\/escolamestralvilanova\/wp-json\/wp\/v2\/comments?post=6568"}],"version-history":[{"count":2,"href":"https:\/\/agora.xtec.cat\/escolamestralvilanova\/wp-json\/wp\/v2\/posts\/6568\/revisions"}],"predecessor-version":[{"id":6571,"href":"https:\/\/agora.xtec.cat\/escolamestralvilanova\/wp-json\/wp\/v2\/posts\/6568\/revisions\/6571"}],"wp:attachment":[{"href":"https:\/\/agora.xtec.cat\/escolamestralvilanova\/wp-json\/wp\/v2\/media?parent=6568"}],"wp:term":[{"taxonomy":"category","embeddable":true,"href":"https:\/\/agora.xtec.cat\/escolamestralvilanova\/wp-json\/wp\/v2\/categories?post=6568"},{"taxonomy":"post_tag","embeddable":true,"href":"https:\/\/agora.xtec.cat\/escolamestralvilanova\/wp-json\/wp\/v2\/tags?post=6568"}],"curies":[{"name":"wp","href":"https:\/\/api.w.org\/{rel}","templated":true}]}}