{"id":6552,"date":"2022-02-14T13:28:34","date_gmt":"2022-02-14T12:28:34","guid":{"rendered":"https:\/\/agora.xtec.cat\/escolamestralvilanova\/?p=6552"},"modified":"2022-02-14T13:30:07","modified_gmt":"2022-02-14T12:30:07","slug":"dia-de-la-dona-i-la-ciencia","status":"publish","type":"post","link":"https:\/\/agora.xtec.cat\/escolamestralvilanova\/portada\/dia-de-la-dona-i-la-ciencia\/","title":{"rendered":"IV SETMANA DE LA CI\u00c8NCIA: Dia de la dona i la ci\u00e8ncia"},"content":{"rendered":"<p style=\"text-align: justify;\">El divendres 11 de febrer, dia de la dona i la ci\u00e8ncia, hem reflexionat sobre el paper de la dona a la ci\u00e8ncia, ha estat un bon moment per parlar amb els alumnes sobre la import\u00e0ncia de la dona a la ci\u00e8ncia.<\/p>\n<blockquote>\n<p style=\"text-align: justify;\"><em>L\u2019anualitat d\u2019aquest dia internacional, que es va celebrar l\u201911 de febrer de 2016 per primera vegada, va ser impulsada per les iniciatives de l\u2019<strong>Organitzaci\u00f3 de les Nacions Unides<\/strong>\u00a0per a l\u2019Educaci\u00f3, la Ci\u00e8ncia i la Cultura (Unesco), l\u2019ONU-Dones i altres organitzacions competents amb l\u2019objectiu de promoure l\u2019acc\u00e9s equitatiu i ple de dones i nenes a l\u2019educaci\u00f3 en els \u00e0mbits de la ci\u00e8ncia, la tecnologia, l\u2019enginyeria i les matem\u00e0tiques (Educaci\u00f3 STEM).\u00a0<\/em><\/p>\n<\/blockquote>\n<p style=\"text-align: justify;\">Per tal de prendre consci\u00e8ncia ver el paper de la dona a la ci\u00e8ncia, cada grup classe ha treballat una dona cient\u00edfica i finalment hem plasmat les nostres descobertes en un mural.<\/p>\n<p style=\"text-align: justify;\">Ens ha agradat molt!<\/p>\n<p><a href=\"https:\/\/agora.xtec.cat\/escolamestralvilanova\/wp-content\/uploads\/usu729\/2022\/02\/IMG-6829.jpg\"><img loading=\"lazy\" decoding=\"async\" class=\"alignnone wp-image-6553 size-medium\" src=\"https:\/\/agora.xtec.cat\/escolamestralvilanova\/wp-content\/uploads\/usu729\/2022\/02\/IMG-6829-300x229.jpg\" alt=\"\" width=\"300\" height=\"229\" srcset=\"https:\/\/agora.xtec.cat\/escolamestralvilanova\/wp-content\/uploads\/usu729\/2022\/02\/IMG-6829-300x229.jpg 300w, https:\/\/agora.xtec.cat\/escolamestralvilanova\/wp-content\/uploads\/usu729\/2022\/02\/IMG-6829.jpg 629w\" sizes=\"auto, (max-width: 300px) 100vw, 300px\" \/><\/a><\/p>\n","protected":false},"excerpt":{"rendered":"<p>El divendres 11 de febrer, dia de la dona i la ci\u00e8ncia, hem reflexionat sobre el paper de la dona a la ci\u00e8ncia, ha estat un bon moment per parlar amb els alumnes sobre la import\u00e0ncia de la dona a la ci\u00e8ncia.<\/p>\n<p>L\u2019anualitat d\u2019aquest dia internacional,&hellip;  <a href=\"https:\/\/agora.xtec.cat\/escolamestralvilanova\/portada\/dia-de-la-dona-i-la-ciencia\/\" title=\"Read IV SETMANA DE LA CI\u00c8NCIA: Dia de la dona i la ci\u00e8ncia\">Llegeix m\u00e9s\u00bb<\/a><\/p>\n","protected":false},"author":1,"featured_media":0,"comment_status":"open","ping_status":"closed","sticky":false,"template":"","format":"standard","meta":{"_bbp_topic_count":0,"_bbp_reply_count":0,"_bbp_total_topic_count":0,"_bbp_total_reply_count":0,"_bbp_voice_count":0,"_bbp_anonymous_reply_count":0,"_bbp_topic_count_hidden":0,"_bbp_reply_count_hidden":0,"_bbp_forum_subforum_count":0,"footnotes":""},"categories":[4],"tags":[],"class_list":["post-6552","post","type-post","status-publish","format-standard","hentry","category-portada"],"post_mailing_queue_ids":[],"_links":{"self":[{"href":"https:\/\/agora.xtec.cat\/escolamestralvilanova\/wp-json\/wp\/v2\/posts\/6552","targetHints":{"allow":["GET"]}}],"collection":[{"href":"https:\/\/agora.xtec.cat\/escolamestralvilanova\/wp-json\/wp\/v2\/posts"}],"about":[{"href":"https:\/\/agora.xtec.cat\/escolamestralvilanova\/wp-json\/wp\/v2\/types\/post"}],"author":[{"embeddable":true,"href":"https:\/\/agora.xtec.cat\/escolamestralvilanova\/wp-json\/wp\/v2\/users\/1"}],"replies":[{"embeddable":true,"href":"https:\/\/agora.xtec.cat\/escolamestralvilanova\/wp-json\/wp\/v2\/comments?post=6552"}],"version-history":[{"count":3,"href":"https:\/\/agora.xtec.cat\/escolamestralvilanova\/wp-json\/wp\/v2\/posts\/6552\/revisions"}],"predecessor-version":[{"id":6558,"href":"https:\/\/agora.xtec.cat\/escolamestralvilanova\/wp-json\/wp\/v2\/posts\/6552\/revisions\/6558"}],"wp:attachment":[{"href":"https:\/\/agora.xtec.cat\/escolamestralvilanova\/wp-json\/wp\/v2\/media?parent=6552"}],"wp:term":[{"taxonomy":"category","embeddable":true,"href":"https:\/\/agora.xtec.cat\/escolamestralvilanova\/wp-json\/wp\/v2\/categories?post=6552"},{"taxonomy":"post_tag","embeddable":true,"href":"https:\/\/agora.xtec.cat\/escolamestralvilanova\/wp-json\/wp\/v2\/tags?post=6552"}],"curies":[{"name":"wp","href":"https:\/\/api.w.org\/{rel}","templated":true}]}}