{"id":6542,"date":"2022-02-11T12:20:33","date_gmt":"2022-02-11T11:20:33","guid":{"rendered":"https:\/\/agora.xtec.cat\/escolamestralvilanova\/?p=6542"},"modified":"2022-02-11T12:20:33","modified_gmt":"2022-02-11T11:20:33","slug":"tallers-de-matematiques-ei5-cicle-inicial","status":"publish","type":"post","link":"https:\/\/agora.xtec.cat\/escolamestralvilanova\/portada\/tallers-de-matematiques-ei5-cicle-inicial\/","title":{"rendered":"TALLERS DE MATEM\u00c0TIQUES EI5 &#8211; CICLE INICIAL!"},"content":{"rendered":"<p>Aquest segon trimestre els infants de EI5, primer i segon hem iniciat els tallers de matem\u00e0tiques els dijous a la tarda.<\/p>\n<p>Ens aquests tallers treballem amb diferents tipus de materials manipulatius que fan que adquirim els conceptes matem\u00e0tics treballats.<\/p>\n<p>Utilitzem material Montessori, manipulem els n\u00fameros, treballem la geometria a trav\u00e9s de la construcci\u00f3 de figures, el t\u00e0ngram i el geopl\u00e0, hem introdu\u00eft la rob\u00f2tica a trav\u00e9s del Lego Wedo&#8230;<\/p>\n<p>Gaudim molt aprenent!<\/p>\n<ul>\n<li><a href=\"https:\/\/photos.app.goo.gl\/8yu2zsvTNWq5DDUY8\">ENLLA\u00c7 A LES FOTOGRAFIES<\/a><a href=\"https:\/\/agora.xtec.cat\/escolamestralvilanova\/wp-content\/uploads\/usu729\/2022\/02\/IMG-5169-scaled.jpg\"><img loading=\"lazy\" decoding=\"async\" class=\"alignnone wp-image-6543 size-medium\" src=\"https:\/\/agora.xtec.cat\/escolamestralvilanova\/wp-content\/uploads\/usu729\/2022\/02\/IMG-5169-300x225.jpg\" alt=\"\" width=\"300\" height=\"225\" srcset=\"https:\/\/agora.xtec.cat\/escolamestralvilanova\/wp-content\/uploads\/usu729\/2022\/02\/IMG-5169-300x225.jpg 300w, https:\/\/agora.xtec.cat\/escolamestralvilanova\/wp-content\/uploads\/usu729\/2022\/02\/IMG-5169-1024x768.jpg 1024w, https:\/\/agora.xtec.cat\/escolamestralvilanova\/wp-content\/uploads\/usu729\/2022\/02\/IMG-5169-768x576.jpg 768w, https:\/\/agora.xtec.cat\/escolamestralvilanova\/wp-content\/uploads\/usu729\/2022\/02\/IMG-5169-1536x1152.jpg 1536w, https:\/\/agora.xtec.cat\/escolamestralvilanova\/wp-content\/uploads\/usu729\/2022\/02\/IMG-5169-2048x1536.jpg 2048w, https:\/\/agora.xtec.cat\/escolamestralvilanova\/wp-content\/uploads\/usu729\/2022\/02\/IMG-5169-200x150.jpg 200w\" sizes=\"auto, (max-width: 300px) 100vw, 300px\" \/><\/a><\/li>\n<\/ul>\n<p>&nbsp;<\/p>\n","protected":false},"excerpt":{"rendered":"<p>Aquest segon trimestre els infants de EI5, primer i segon hem iniciat els tallers de matem\u00e0tiques els dijous a la tarda.<br \/>\nEns aquests tallers treballem amb diferents tipus de materials manipulatius que fan que adquirim els conceptes matem\u00e0tics treballats.<br \/>\nUtilitzem material Montessori, manipulem els n\u00fameros, treballem la&hellip;  <a href=\"https:\/\/agora.xtec.cat\/escolamestralvilanova\/portada\/tallers-de-matematiques-ei5-cicle-inicial\/\" title=\"Read TALLERS DE MATEM\u00c0TIQUES EI5 &#8211; CICLE INICIAL!\">Llegeix m\u00e9s\u00bb<\/a><\/p>\n","protected":false},"author":6,"featured_media":2150,"comment_status":"open","ping_status":"closed","sticky":false,"template":"","format":"standard","meta":{"_bbp_topic_count":0,"_bbp_reply_count":0,"_bbp_total_topic_count":0,"_bbp_total_reply_count":0,"_bbp_voice_count":0,"_bbp_anonymous_reply_count":0,"_bbp_topic_count_hidden":0,"_bbp_reply_count_hidden":0,"_bbp_forum_subforum_count":0,"footnotes":""},"categories":[10,4,5],"tags":[],"class_list":["post-6542","post","type-post","status-publish","format-standard","has-post-thumbnail","hentry","category-ei5-primer","category-portada","category-primaria"],"post_mailing_queue_ids":[],"_links":{"self":[{"href":"https:\/\/agora.xtec.cat\/escolamestralvilanova\/wp-json\/wp\/v2\/posts\/6542","targetHints":{"allow":["GET"]}}],"collection":[{"href":"https:\/\/agora.xtec.cat\/escolamestralvilanova\/wp-json\/wp\/v2\/posts"}],"about":[{"href":"https:\/\/agora.xtec.cat\/escolamestralvilanova\/wp-json\/wp\/v2\/types\/post"}],"author":[{"embeddable":true,"href":"https:\/\/agora.xtec.cat\/escolamestralvilanova\/wp-json\/wp\/v2\/users\/6"}],"replies":[{"embeddable":true,"href":"https:\/\/agora.xtec.cat\/escolamestralvilanova\/wp-json\/wp\/v2\/comments?post=6542"}],"version-history":[{"count":2,"href":"https:\/\/agora.xtec.cat\/escolamestralvilanova\/wp-json\/wp\/v2\/posts\/6542\/revisions"}],"predecessor-version":[{"id":6545,"href":"https:\/\/agora.xtec.cat\/escolamestralvilanova\/wp-json\/wp\/v2\/posts\/6542\/revisions\/6545"}],"wp:featuredmedia":[{"embeddable":true,"href":"https:\/\/agora.xtec.cat\/escolamestralvilanova\/wp-json\/wp\/v2\/media\/2150"}],"wp:attachment":[{"href":"https:\/\/agora.xtec.cat\/escolamestralvilanova\/wp-json\/wp\/v2\/media?parent=6542"}],"wp:term":[{"taxonomy":"category","embeddable":true,"href":"https:\/\/agora.xtec.cat\/escolamestralvilanova\/wp-json\/wp\/v2\/categories?post=6542"},{"taxonomy":"post_tag","embeddable":true,"href":"https:\/\/agora.xtec.cat\/escolamestralvilanova\/wp-json\/wp\/v2\/tags?post=6542"}],"curies":[{"name":"wp","href":"https:\/\/api.w.org\/{rel}","templated":true}]}}