{"id":6505,"date":"2022-02-11T10:51:53","date_gmt":"2022-02-11T09:51:53","guid":{"rendered":"https:\/\/agora.xtec.cat\/escolamestralvilanova\/?p=6505"},"modified":"2022-02-11T10:53:46","modified_gmt":"2022-02-11T09:53:46","slug":"iv-setmana-de-la-ciencia-experiments-segon","status":"publish","type":"post","link":"https:\/\/agora.xtec.cat\/escolamestralvilanova\/general\/iv-setmana-de-la-ciencia-experiments-segon\/","title":{"rendered":"IV SETMANA DE LA CI\u00c8NCIA: Experiments Segon"},"content":{"rendered":"<p>En motiu de la la IV SETMANA DE LA CI\u00c8NCIA els nens i nenes de Segon hem estat treballant els seg\u00fcents experiments.<\/p>\n<p>Esperem que us agradi!<\/p>\n<ul style=\"list-style-type: circle;\">\n<li><a href=\"https:\/\/drive.google.com\/file\/d\/1dHnbvqdUt66vq-aRPipoclbn-VFl3spo\/view?usp=sharing\">LA BOMBETA QUE S&#8217;ENC\u00c9N<\/a><\/li>\n<\/ul>\n<p><a href=\"https:\/\/drive.google.com\/file\/d\/1dHnbvqdUt66vq-aRPipoclbn-VFl3spo\/view?usp=sharing\"><img loading=\"lazy\" decoding=\"async\" class=\"alignnone size-medium wp-image-6537\" src=\"https:\/\/agora.xtec.cat\/escolamestralvilanova\/wp-content\/uploads\/usu729\/2022\/02\/Captura-de-Pantalla-2022-02-11-a-les-10.50.44-300x166.png\" alt=\"\" width=\"300\" height=\"166\" srcset=\"https:\/\/agora.xtec.cat\/escolamestralvilanova\/wp-content\/uploads\/usu729\/2022\/02\/Captura-de-Pantalla-2022-02-11-a-les-10.50.44-300x166.png 300w, https:\/\/agora.xtec.cat\/escolamestralvilanova\/wp-content\/uploads\/usu729\/2022\/02\/Captura-de-Pantalla-2022-02-11-a-les-10.50.44-768x424.png 768w, https:\/\/agora.xtec.cat\/escolamestralvilanova\/wp-content\/uploads\/usu729\/2022\/02\/Captura-de-Pantalla-2022-02-11-a-les-10.50.44.png 1000w\" sizes=\"auto, (max-width: 300px) 100vw, 300px\" \/><\/a><\/p>\n","protected":false},"excerpt":{"rendered":"<p>En motiu de la la IV SETMANA DE LA CI\u00c8NCIA els nens i nenes de Segon hem estat treballant els seg\u00fcents experiments.<br \/>\nEsperem que us agradi!<\/p>\n<ul style=\"list-style-type: circle;\">\n<li><a href=\"https:\/\/drive.google.com\/file\/d\/1dHnbvqdUt66vq-aRPipoclbn-VFl3spo\/view?usp=sharing\">LA BOMBETA QUE S&#8217;ENC\u00c9N<\/a><\/li>\n<\/ul>\n<p><a href=\"https:\/\/drive.google.com\/file\/d\/1dHnbvqdUt66vq-aRPipoclbn-VFl3spo\/view?usp=sharing\"><\/a><\/p>\n","protected":false},"author":1,"featured_media":0,"comment_status":"open","ping_status":"closed","sticky":false,"template":"","format":"standard","meta":{"_bbp_topic_count":0,"_bbp_reply_count":0,"_bbp_total_topic_count":0,"_bbp_total_reply_count":0,"_bbp_voice_count":0,"_bbp_anonymous_reply_count":0,"_bbp_topic_count_hidden":0,"_bbp_reply_count_hidden":0,"_bbp_forum_subforum_count":0,"footnotes":""},"categories":[11,1,4,5],"tags":[],"class_list":["post-6505","post","type-post","status-publish","format-standard","hentry","category-cicle-inicial","category-general","category-portada","category-primaria"],"post_mailing_queue_ids":[],"_links":{"self":[{"href":"https:\/\/agora.xtec.cat\/escolamestralvilanova\/wp-json\/wp\/v2\/posts\/6505","targetHints":{"allow":["GET"]}}],"collection":[{"href":"https:\/\/agora.xtec.cat\/escolamestralvilanova\/wp-json\/wp\/v2\/posts"}],"about":[{"href":"https:\/\/agora.xtec.cat\/escolamestralvilanova\/wp-json\/wp\/v2\/types\/post"}],"author":[{"embeddable":true,"href":"https:\/\/agora.xtec.cat\/escolamestralvilanova\/wp-json\/wp\/v2\/users\/1"}],"replies":[{"embeddable":true,"href":"https:\/\/agora.xtec.cat\/escolamestralvilanova\/wp-json\/wp\/v2\/comments?post=6505"}],"version-history":[{"count":3,"href":"https:\/\/agora.xtec.cat\/escolamestralvilanova\/wp-json\/wp\/v2\/posts\/6505\/revisions"}],"predecessor-version":[{"id":6539,"href":"https:\/\/agora.xtec.cat\/escolamestralvilanova\/wp-json\/wp\/v2\/posts\/6505\/revisions\/6539"}],"wp:attachment":[{"href":"https:\/\/agora.xtec.cat\/escolamestralvilanova\/wp-json\/wp\/v2\/media?parent=6505"}],"wp:term":[{"taxonomy":"category","embeddable":true,"href":"https:\/\/agora.xtec.cat\/escolamestralvilanova\/wp-json\/wp\/v2\/categories?post=6505"},{"taxonomy":"post_tag","embeddable":true,"href":"https:\/\/agora.xtec.cat\/escolamestralvilanova\/wp-json\/wp\/v2\/tags?post=6505"}],"curies":[{"name":"wp","href":"https:\/\/api.w.org\/{rel}","templated":true}]}}