{"id":6503,"date":"2022-02-11T11:07:15","date_gmt":"2022-02-11T10:07:15","guid":{"rendered":"https:\/\/agora.xtec.cat\/escolamestralvilanova\/?p=6503"},"modified":"2022-02-11T11:07:49","modified_gmt":"2022-02-11T10:07:49","slug":"iv-setmana-de-la-ciencia-experiments-ei5-primer","status":"publish","type":"post","link":"https:\/\/agora.xtec.cat\/escolamestralvilanova\/general\/iv-setmana-de-la-ciencia-experiments-ei5-primer\/","title":{"rendered":"IV SETMANA DE LA CI\u00c8NCIA: Experiments EI5-Primer"},"content":{"rendered":"<p>En motiu de la la IV SETMANA DE LA CI\u00c8NCIA els nens i nenes d&#8217;EI5 &#8211; Primer hem treballat el seg\u00fcent experiment.<\/p>\n<p>Esperem que us agradi!<\/p>\n<ul style=\"list-style-type: circle;\">\n<li><a href=\"https:\/\/drive.google.com\/file\/d\/1ayV4WrAQG2Uk3cajZcuWZC-wGVApsbLI\/view?usp=sharing\">FEM PAPER RECICLAT<\/a><\/li>\n<\/ul>\n<p><a href=\"https:\/\/drive.google.com\/file\/d\/1ayV4WrAQG2Uk3cajZcuWZC-wGVApsbLI\/view?usp=sharing\"><img loading=\"lazy\" decoding=\"async\" class=\"alignnone size-medium wp-image-6540\" src=\"https:\/\/agora.xtec.cat\/escolamestralvilanova\/wp-content\/uploads\/usu729\/2022\/02\/Captura-de-Pantalla-2022-02-11-a-les-11.05.43-300x173.png\" alt=\"\" width=\"300\" height=\"173\" srcset=\"https:\/\/agora.xtec.cat\/escolamestralvilanova\/wp-content\/uploads\/usu729\/2022\/02\/Captura-de-Pantalla-2022-02-11-a-les-11.05.43-300x173.png 300w, https:\/\/agora.xtec.cat\/escolamestralvilanova\/wp-content\/uploads\/usu729\/2022\/02\/Captura-de-Pantalla-2022-02-11-a-les-11.05.43-768x444.png 768w, https:\/\/agora.xtec.cat\/escolamestralvilanova\/wp-content\/uploads\/usu729\/2022\/02\/Captura-de-Pantalla-2022-02-11-a-les-11.05.43.png 1000w\" sizes=\"auto, (max-width: 300px) 100vw, 300px\" \/><\/a><\/p>\n","protected":false},"excerpt":{"rendered":"<p>En motiu de la la IV SETMANA DE LA CI\u00c8NCIA els nens i nenes d&#8217;EI5 &#8211; Primer hem treballat el seg\u00fcent experiment.<br \/>\nEsperem que us agradi!<\/p>\n<ul style=\"list-style-type: circle;\">\n<li><a href=\"https:\/\/drive.google.com\/file\/d\/1ayV4WrAQG2Uk3cajZcuWZC-wGVApsbLI\/view?usp=sharing\">FEM PAPER RECICLAT<\/a><\/li>\n<\/ul>\n<p><a href=\"https:\/\/drive.google.com\/file\/d\/1ayV4WrAQG2Uk3cajZcuWZC-wGVApsbLI\/view?usp=sharing\"><\/a><\/p>\n","protected":false},"author":1,"featured_media":0,"comment_status":"open","ping_status":"closed","sticky":false,"template":"","format":"standard","meta":{"_bbp_topic_count":0,"_bbp_reply_count":0,"_bbp_total_topic_count":0,"_bbp_total_reply_count":0,"_bbp_voice_count":0,"_bbp_anonymous_reply_count":0,"_bbp_topic_count_hidden":0,"_bbp_reply_count_hidden":0,"_bbp_forum_subforum_count":0,"footnotes":""},"categories":[10,1,2,4],"tags":[],"class_list":["post-6503","post","type-post","status-publish","format-standard","hentry","category-ei5-primer","category-general","category-infantil","category-portada"],"post_mailing_queue_ids":[],"_links":{"self":[{"href":"https:\/\/agora.xtec.cat\/escolamestralvilanova\/wp-json\/wp\/v2\/posts\/6503","targetHints":{"allow":["GET"]}}],"collection":[{"href":"https:\/\/agora.xtec.cat\/escolamestralvilanova\/wp-json\/wp\/v2\/posts"}],"about":[{"href":"https:\/\/agora.xtec.cat\/escolamestralvilanova\/wp-json\/wp\/v2\/types\/post"}],"author":[{"embeddable":true,"href":"https:\/\/agora.xtec.cat\/escolamestralvilanova\/wp-json\/wp\/v2\/users\/1"}],"replies":[{"embeddable":true,"href":"https:\/\/agora.xtec.cat\/escolamestralvilanova\/wp-json\/wp\/v2\/comments?post=6503"}],"version-history":[{"count":3,"href":"https:\/\/agora.xtec.cat\/escolamestralvilanova\/wp-json\/wp\/v2\/posts\/6503\/revisions"}],"predecessor-version":[{"id":6541,"href":"https:\/\/agora.xtec.cat\/escolamestralvilanova\/wp-json\/wp\/v2\/posts\/6503\/revisions\/6541"}],"wp:attachment":[{"href":"https:\/\/agora.xtec.cat\/escolamestralvilanova\/wp-json\/wp\/v2\/media?parent=6503"}],"wp:term":[{"taxonomy":"category","embeddable":true,"href":"https:\/\/agora.xtec.cat\/escolamestralvilanova\/wp-json\/wp\/v2\/categories?post=6503"},{"taxonomy":"post_tag","embeddable":true,"href":"https:\/\/agora.xtec.cat\/escolamestralvilanova\/wp-json\/wp\/v2\/tags?post=6503"}],"curies":[{"name":"wp","href":"https:\/\/api.w.org\/{rel}","templated":true}]}}