{"id":6491,"date":"2022-02-11T09:05:48","date_gmt":"2022-02-11T08:05:48","guid":{"rendered":"https:\/\/agora.xtec.cat\/escolamestralvilanova\/?p=6491"},"modified":"2022-02-11T13:04:54","modified_gmt":"2022-02-11T12:04:54","slug":"treballem-dones-cientifiques","status":"publish","type":"post","link":"https:\/\/agora.xtec.cat\/escolamestralvilanova\/portada\/treballem-dones-cientifiques\/","title":{"rendered":"TREBALLEM DONES CIENT\u00cdFIQUES"},"content":{"rendered":"<p>Amb motiu del &#8220;Dia de la Dona i la Ci\u00e8ncia&#8221;, al llarg d&#8217;aquesta setmana els alumnes de sis\u00e8, a l&#8217;igual que la resta d&#8217;alumnes de l&#8217;escola, hem treballat diferents dones rellevants dins del m\u00f3n de la Ci\u00e8ncia i la investigaci\u00f3.<\/p>\n<p>Hem realitzat una recerca d&#8217;informaci\u00f3, hem esquematitzat la informaci\u00f3 m\u00e9s rellevant, hem presentat les nostres recerques als companys\/es i finalment hem escollit la dona cient\u00edfica que m\u00e9s ens ha cridat l&#8217;atenci\u00f3.<\/p>\n<p>Aquesta ha estat l&#8217;Ada Lovalace, la primera programadora inform\u00e0tica.<\/p>\n<ul>\n<li><a href=\"https:\/\/photos.google.com\/share\/AF1QipORLQURg63S1qIXaHKbycTreB4w_UBArepSzP9NPVzEbmeOr-lbYycQ6IdPk707ww?key=Rko5WnpldFdTQVB1S292VEltUmxtMTBZcGYwZENR\">ENLLA\u00c7 ALS ESQUEMES<\/a><\/li>\n<\/ul>\n<pre><img loading=\"lazy\" decoding=\"async\" class=\"alignnone wp-image-6492\" src=\"https:\/\/agora.xtec.cat\/escolamestralvilanova\/wp-content\/uploads\/usu729\/2022\/02\/IMG-6754-e1644533169982-300x255.jpg\" alt=\"\" width=\"247\" height=\"210\" srcset=\"https:\/\/agora.xtec.cat\/escolamestralvilanova\/wp-content\/uploads\/usu729\/2022\/02\/IMG-6754-e1644533169982-300x255.jpg 300w, https:\/\/agora.xtec.cat\/escolamestralvilanova\/wp-content\/uploads\/usu729\/2022\/02\/IMG-6754-e1644533169982-1024x870.jpg 1024w, https:\/\/agora.xtec.cat\/escolamestralvilanova\/wp-content\/uploads\/usu729\/2022\/02\/IMG-6754-e1644533169982-768x652.jpg 768w, https:\/\/agora.xtec.cat\/escolamestralvilanova\/wp-content\/uploads\/usu729\/2022\/02\/IMG-6754-e1644533169982-1536x1305.jpg 1536w, https:\/\/agora.xtec.cat\/escolamestralvilanova\/wp-content\/uploads\/usu729\/2022\/02\/IMG-6754-e1644533169982.jpg 1868w\" sizes=\"auto, (max-width: 247px) 100vw, 247px\" \/>\r\n<em>Ada Lovalace<\/em><\/pre>\n<p>&nbsp;<\/p>\n","protected":false},"excerpt":{"rendered":"<p>Amb motiu del &#8220;Dia de la Dona i la Ci\u00e8ncia&#8221;, al llarg d&#8217;aquesta setmana els alumnes de sis\u00e8, a l&#8217;igual que la resta d&#8217;alumnes de l&#8217;escola, hem treballat diferents dones rellevants dins del m\u00f3n de la Ci\u00e8ncia i la investigaci\u00f3.<br \/>\nHem realitzat una recerca d&#8217;informaci\u00f3, hem&hellip;  <a href=\"https:\/\/agora.xtec.cat\/escolamestralvilanova\/portada\/treballem-dones-cientifiques\/\" title=\"Read TREBALLEM DONES CIENT\u00cdFIQUES\">Llegeix m\u00e9s\u00bb<\/a><\/p>\n","protected":false},"author":1,"featured_media":0,"comment_status":"open","ping_status":"closed","sticky":false,"template":"","format":"standard","meta":{"_bbp_topic_count":0,"_bbp_reply_count":0,"_bbp_total_topic_count":0,"_bbp_total_reply_count":0,"_bbp_voice_count":0,"_bbp_anonymous_reply_count":0,"_bbp_topic_count_hidden":0,"_bbp_reply_count_hidden":0,"_bbp_forum_subforum_count":0,"footnotes":""},"categories":[15,4],"tags":[],"class_list":["post-6491","post","type-post","status-publish","format-standard","hentry","category-cicle-superior","category-portada"],"post_mailing_queue_ids":[],"_links":{"self":[{"href":"https:\/\/agora.xtec.cat\/escolamestralvilanova\/wp-json\/wp\/v2\/posts\/6491","targetHints":{"allow":["GET"]}}],"collection":[{"href":"https:\/\/agora.xtec.cat\/escolamestralvilanova\/wp-json\/wp\/v2\/posts"}],"about":[{"href":"https:\/\/agora.xtec.cat\/escolamestralvilanova\/wp-json\/wp\/v2\/types\/post"}],"author":[{"embeddable":true,"href":"https:\/\/agora.xtec.cat\/escolamestralvilanova\/wp-json\/wp\/v2\/users\/1"}],"replies":[{"embeddable":true,"href":"https:\/\/agora.xtec.cat\/escolamestralvilanova\/wp-json\/wp\/v2\/comments?post=6491"}],"version-history":[{"count":3,"href":"https:\/\/agora.xtec.cat\/escolamestralvilanova\/wp-json\/wp\/v2\/posts\/6491\/revisions"}],"predecessor-version":[{"id":6548,"href":"https:\/\/agora.xtec.cat\/escolamestralvilanova\/wp-json\/wp\/v2\/posts\/6491\/revisions\/6548"}],"wp:attachment":[{"href":"https:\/\/agora.xtec.cat\/escolamestralvilanova\/wp-json\/wp\/v2\/media?parent=6491"}],"wp:term":[{"taxonomy":"category","embeddable":true,"href":"https:\/\/agora.xtec.cat\/escolamestralvilanova\/wp-json\/wp\/v2\/categories?post=6491"},{"taxonomy":"post_tag","embeddable":true,"href":"https:\/\/agora.xtec.cat\/escolamestralvilanova\/wp-json\/wp\/v2\/tags?post=6491"}],"curies":[{"name":"wp","href":"https:\/\/api.w.org\/{rel}","templated":true}]}}