{"id":6483,"date":"2022-02-10T23:37:50","date_gmt":"2022-02-10T22:37:50","guid":{"rendered":"https:\/\/agora.xtec.cat\/escolamestralvilanova\/?p=6483"},"modified":"2022-02-10T23:38:00","modified_gmt":"2022-02-10T22:38:00","slug":"cartells-de-la-setmana-de-la-ciencia","status":"publish","type":"post","link":"https:\/\/agora.xtec.cat\/escolamestralvilanova\/portada\/cartells-de-la-setmana-de-la-ciencia\/","title":{"rendered":"CARTELLS DE LA IV SETMANA DE LA CI\u00c8NCIA"},"content":{"rendered":"<p>En motiu de la celebraci\u00f3 de la IV edici\u00f3 de la Setmana de la Ci\u00e8ncia a l\u2019Escola, els nens i nenes de sis\u00e8 hem elaborat uns cartells commemoratius.<\/p>\n<p>Esperem que us agradin!<\/p>\n<ul>\n<li><a href=\"https:\/\/photos.google.com\/share\/AF1QipMgjOXgLs5xZpbGZzwPjnBy_LxbqnKJMQbwM9HVWcvDPCPjB9SpwWfMUPXqou9YeA?key=TVR2N2tOdi00bURYemd6NEJuVmQ3aFoySmxpUk9n\">ENLLA\u00c7 ALS CARTELLS<\/a><\/li>\n<\/ul>\n<p><a href=\"https:\/\/photos.google.com\/share\/AF1QipMgjOXgLs5xZpbGZzwPjnBy_LxbqnKJMQbwM9HVWcvDPCPjB9SpwWfMUPXqou9YeA?key=TVR2N2tOdi00bURYemd6NEJuVmQ3aFoySmxpUk9n\"><img loading=\"lazy\" decoding=\"async\" class=\"alignnone wp-image-6484\" src=\"https:\/\/agora.xtec.cat\/escolamestralvilanova\/wp-content\/uploads\/usu729\/2022\/02\/Captura-de-Pantalla-2022-02-10-a-les-23.36.41-300x125.png\" alt=\"\" width=\"502\" height=\"209\" srcset=\"https:\/\/agora.xtec.cat\/escolamestralvilanova\/wp-content\/uploads\/usu729\/2022\/02\/Captura-de-Pantalla-2022-02-10-a-les-23.36.41-300x125.png 300w, https:\/\/agora.xtec.cat\/escolamestralvilanova\/wp-content\/uploads\/usu729\/2022\/02\/Captura-de-Pantalla-2022-02-10-a-les-23.36.41-1024x427.png 1024w, https:\/\/agora.xtec.cat\/escolamestralvilanova\/wp-content\/uploads\/usu729\/2022\/02\/Captura-de-Pantalla-2022-02-10-a-les-23.36.41-768x320.png 768w, https:\/\/agora.xtec.cat\/escolamestralvilanova\/wp-content\/uploads\/usu729\/2022\/02\/Captura-de-Pantalla-2022-02-10-a-les-23.36.41-1536x640.png 1536w, https:\/\/agora.xtec.cat\/escolamestralvilanova\/wp-content\/uploads\/usu729\/2022\/02\/Captura-de-Pantalla-2022-02-10-a-les-23.36.41-2048x854.png 2048w\" sizes=\"auto, (max-width: 502px) 100vw, 502px\" \/><\/a><\/p>\n","protected":false},"excerpt":{"rendered":"<p>En motiu de la celebraci\u00f3 de la IV edici\u00f3 de la Setmana de la Ci\u00e8ncia a l\u2019Escola, els nens i nenes de sis\u00e8 hem elaborat uns cartells commemoratius.<br \/>\nEsperem que us agradin!<\/p>\n<ul>\n<li><a href=\"https:\/\/photos.google.com\/share\/AF1QipMgjOXgLs5xZpbGZzwPjnBy_LxbqnKJMQbwM9HVWcvDPCPjB9SpwWfMUPXqou9YeA?key=TVR2N2tOdi00bURYemd6NEJuVmQ3aFoySmxpUk9n\">ENLLA\u00c7 ALS CARTELLS<\/a><\/li>\n<\/ul>\n<p><a href=\"https:\/\/photos.google.com\/share\/AF1QipMgjOXgLs5xZpbGZzwPjnBy_LxbqnKJMQbwM9HVWcvDPCPjB9SpwWfMUPXqou9YeA?key=TVR2N2tOdi00bURYemd6NEJuVmQ3aFoySmxpUk9n\"><\/a><\/p>\n","protected":false},"author":1,"featured_media":0,"comment_status":"open","ping_status":"closed","sticky":false,"template":"","format":"standard","meta":{"_bbp_topic_count":0,"_bbp_reply_count":0,"_bbp_total_topic_count":0,"_bbp_total_reply_count":0,"_bbp_voice_count":0,"_bbp_anonymous_reply_count":0,"_bbp_topic_count_hidden":0,"_bbp_reply_count_hidden":0,"_bbp_forum_subforum_count":0,"footnotes":""},"categories":[15,4,5],"tags":[],"class_list":["post-6483","post","type-post","status-publish","format-standard","hentry","category-cicle-superior","category-portada","category-primaria"],"post_mailing_queue_ids":[],"_links":{"self":[{"href":"https:\/\/agora.xtec.cat\/escolamestralvilanova\/wp-json\/wp\/v2\/posts\/6483","targetHints":{"allow":["GET"]}}],"collection":[{"href":"https:\/\/agora.xtec.cat\/escolamestralvilanova\/wp-json\/wp\/v2\/posts"}],"about":[{"href":"https:\/\/agora.xtec.cat\/escolamestralvilanova\/wp-json\/wp\/v2\/types\/post"}],"author":[{"embeddable":true,"href":"https:\/\/agora.xtec.cat\/escolamestralvilanova\/wp-json\/wp\/v2\/users\/1"}],"replies":[{"embeddable":true,"href":"https:\/\/agora.xtec.cat\/escolamestralvilanova\/wp-json\/wp\/v2\/comments?post=6483"}],"version-history":[{"count":2,"href":"https:\/\/agora.xtec.cat\/escolamestralvilanova\/wp-json\/wp\/v2\/posts\/6483\/revisions"}],"predecessor-version":[{"id":6486,"href":"https:\/\/agora.xtec.cat\/escolamestralvilanova\/wp-json\/wp\/v2\/posts\/6483\/revisions\/6486"}],"wp:attachment":[{"href":"https:\/\/agora.xtec.cat\/escolamestralvilanova\/wp-json\/wp\/v2\/media?parent=6483"}],"wp:term":[{"taxonomy":"category","embeddable":true,"href":"https:\/\/agora.xtec.cat\/escolamestralvilanova\/wp-json\/wp\/v2\/categories?post=6483"},{"taxonomy":"post_tag","embeddable":true,"href":"https:\/\/agora.xtec.cat\/escolamestralvilanova\/wp-json\/wp\/v2\/tags?post=6483"}],"curies":[{"name":"wp","href":"https:\/\/api.w.org\/{rel}","templated":true}]}}