{"id":6476,"date":"2022-02-10T23:33:01","date_gmt":"2022-02-10T22:33:01","guid":{"rendered":"https:\/\/agora.xtec.cat\/escolamestralvilanova\/?p=6476"},"modified":"2022-02-10T23:38:23","modified_gmt":"2022-02-10T22:38:23","slug":"iv-setmana-de-la-ciencia","status":"publish","type":"post","link":"https:\/\/agora.xtec.cat\/escolamestralvilanova\/general\/iv-setmana-de-la-ciencia\/","title":{"rendered":"IV SETMANA DE LA CI\u00c8NCIA"},"content":{"rendered":"<p class=\"gmail_default\" style=\"text-align: justify;\">Amb motiu del dia de la dona cient\u00edfica (divendres 11 de febrer), durant aquesta <span class=\"gmail-il\">setmana<\/span>\u00a0estem duent a terme la\u00a0\u00a0<b>IV <span class=\"gmail-il\">Setmana<\/span>\u00a0de la\u00a0<span class=\"gmail-il\">Ci\u00e8ncia<\/span>\u00a0<\/b>a l&#8217;escola.<\/p>\n<p class=\"gmail_default\" style=\"text-align: justify;\">L&#8217;objectiu principal d&#8217;aquesta iniciativa no \u00e9s altre que despertar i potenciar l\u2019inter\u00e8s i la curiositat dels alumnes vers la\u00a0<span class=\"gmail-il\">Ci\u00e8ncia<\/span>.<\/p>\n<p class=\"gmail_default\" style=\"text-align: justify;\">Els nens i les nenes de les diferents aules han realitzat diferents experiments cient\u00edfics i els han gravat en v\u00eddeo per poder-los mostrar als seus companys\/es i a vosaltres, les fam\u00edlies.<\/p>\n<p class=\"gmail_default\" style=\"text-align: justify;\">Tamb\u00e9, aprofitant que el proper divendres dia 11 de febrer \u00e9s el <i><b>Dia de la dona cient\u00edfica<\/b>,\u00a0<\/i>treballarem diferents dones cient\u00edfiques que han destacat en el camp de la\u00a0<span class=\"gmail-il\">ci\u00e8ncia<\/span>.<\/p>\n<p class=\"gmail_default\" style=\"text-align: justify;\">Finalment us adjuntem el cartell que han fet els alumnes de sis\u00e8.<\/p>\n<p><a href=\"https:\/\/agora.xtec.cat\/escolamestralvilanova\/wp-content\/uploads\/usu729\/2022\/02\/1.jpg\"><img loading=\"lazy\" decoding=\"async\" class=\"alignnone wp-image-6480 size-medium\" src=\"https:\/\/agora.xtec.cat\/escolamestralvilanova\/wp-content\/uploads\/usu729\/2022\/02\/1-212x300.jpg\" alt=\"\" width=\"212\" height=\"300\" srcset=\"https:\/\/agora.xtec.cat\/escolamestralvilanova\/wp-content\/uploads\/usu729\/2022\/02\/1-212x300.jpg 212w, https:\/\/agora.xtec.cat\/escolamestralvilanova\/wp-content\/uploads\/usu729\/2022\/02\/1-724x1024.jpg 724w, https:\/\/agora.xtec.cat\/escolamestralvilanova\/wp-content\/uploads\/usu729\/2022\/02\/1-768x1086.jpg 768w, https:\/\/agora.xtec.cat\/escolamestralvilanova\/wp-content\/uploads\/usu729\/2022\/02\/1-1086x1536.jpg 1086w, https:\/\/agora.xtec.cat\/escolamestralvilanova\/wp-content\/uploads\/usu729\/2022\/02\/1-1448x2048.jpg 1448w, https:\/\/agora.xtec.cat\/escolamestralvilanova\/wp-content\/uploads\/usu729\/2022\/02\/1.jpg 1587w\" sizes=\"auto, (max-width: 212px) 100vw, 212px\" \/><\/a><\/p>\n","protected":false},"excerpt":{"rendered":"<p>Amb motiu del dia de la dona cient\u00edfica (divendres 11 de febrer), durant aquesta setmana\u00a0estem duent a terme la\u00a0\u00a0IV Setmana\u00a0de la\u00a0Ci\u00e8ncia\u00a0a l&#8217;escola.<br \/>\nL&#8217;objectiu principal d&#8217;aquesta iniciativa no \u00e9s altre que despertar i potenciar l\u2019inter\u00e8s i la curiositat dels alumnes vers la\u00a0Ci\u00e8ncia.<br \/>\nEls nens i les nenes de&hellip;  <a href=\"https:\/\/agora.xtec.cat\/escolamestralvilanova\/general\/iv-setmana-de-la-ciencia\/\" title=\"Read IV SETMANA DE LA CI\u00c8NCIA\">Llegeix m\u00e9s\u00bb<\/a><\/p>\n","protected":false},"author":1,"featured_media":0,"comment_status":"open","ping_status":"closed","sticky":false,"template":"","format":"standard","meta":{"_bbp_topic_count":0,"_bbp_reply_count":0,"_bbp_total_topic_count":0,"_bbp_total_reply_count":0,"_bbp_voice_count":0,"_bbp_anonymous_reply_count":0,"_bbp_topic_count_hidden":0,"_bbp_reply_count_hidden":0,"_bbp_forum_subforum_count":0,"footnotes":""},"categories":[1,4],"tags":[],"class_list":["post-6476","post","type-post","status-publish","format-standard","hentry","category-general","category-portada"],"post_mailing_queue_ids":[],"_links":{"self":[{"href":"https:\/\/agora.xtec.cat\/escolamestralvilanova\/wp-json\/wp\/v2\/posts\/6476","targetHints":{"allow":["GET"]}}],"collection":[{"href":"https:\/\/agora.xtec.cat\/escolamestralvilanova\/wp-json\/wp\/v2\/posts"}],"about":[{"href":"https:\/\/agora.xtec.cat\/escolamestralvilanova\/wp-json\/wp\/v2\/types\/post"}],"author":[{"embeddable":true,"href":"https:\/\/agora.xtec.cat\/escolamestralvilanova\/wp-json\/wp\/v2\/users\/1"}],"replies":[{"embeddable":true,"href":"https:\/\/agora.xtec.cat\/escolamestralvilanova\/wp-json\/wp\/v2\/comments?post=6476"}],"version-history":[{"count":3,"href":"https:\/\/agora.xtec.cat\/escolamestralvilanova\/wp-json\/wp\/v2\/posts\/6476\/revisions"}],"predecessor-version":[{"id":6482,"href":"https:\/\/agora.xtec.cat\/escolamestralvilanova\/wp-json\/wp\/v2\/posts\/6476\/revisions\/6482"}],"wp:attachment":[{"href":"https:\/\/agora.xtec.cat\/escolamestralvilanova\/wp-json\/wp\/v2\/media?parent=6476"}],"wp:term":[{"taxonomy":"category","embeddable":true,"href":"https:\/\/agora.xtec.cat\/escolamestralvilanova\/wp-json\/wp\/v2\/categories?post=6476"},{"taxonomy":"post_tag","embeddable":true,"href":"https:\/\/agora.xtec.cat\/escolamestralvilanova\/wp-json\/wp\/v2\/tags?post=6476"}],"curies":[{"name":"wp","href":"https:\/\/api.w.org\/{rel}","templated":true}]}}