{"id":6470,"date":"2022-02-08T16:29:38","date_gmt":"2022-02-08T15:29:38","guid":{"rendered":"https:\/\/agora.xtec.cat\/escolamestralvilanova\/?p=6470"},"modified":"2022-02-08T16:29:48","modified_gmt":"2022-02-08T15:29:48","slug":"dia-de-la-pau-2","status":"publish","type":"post","link":"https:\/\/agora.xtec.cat\/escolamestralvilanova\/general\/dia-de-la-pau-2\/","title":{"rendered":"DIA DE LA PAU"},"content":{"rendered":"<p>Amb motiu del dia de la Pau que es va celebrar el dia 30 de gener, a l\u2019escola hem treballat la hist\u00f2ria de la Sadako.<\/p>\n<p style=\"padding-left: 40px;\"><em>La Sasaaki Sadako tan sols tenia 2 anys quan l&#8217;ex\u00e8rcit dels Estats Units va llen\u00e7ar la bomba at\u00f2mica d&#8217;Hiroshima, el 6 d&#8217;agost de 1945. Tot i que en un principi no li va passar res, molts anys despr\u00e9s, quan estudiava Prim\u00e0ria li van detectar un c\u00e0ncer com a conseq\u00fc\u00e8ncia de l&#8217;exposici\u00f3 a la radicaci\u00f3.<\/em><\/p>\n<p style=\"padding-left: 40px;\"><em>Quan la petita Sadako estava a l&#8217;hospital recuperant-se de la seva malaltia, la seva amiga Chizucho li va explicar la hist\u00f2ria de les 1000 grues de paper. La hist\u00f2ria consisteix en el fet que si desitges alguna cosa amb molta for\u00e7a i construeixes 1000 grues de paper els D\u00e9us et concediran aquell desig que tan anheles [&#8230;]<\/em><\/p>\n<p style=\"padding-left: 40px;\"><em>Des d&#8217;aleshores, la Sasaaki Sadako es va convertir en un s\u00edmbol de Pau.<\/em><\/p>\n<p>Hist\u00f2ria de la Sadako:<\/p>\n<p><iframe loading=\"lazy\" title=\"YouTube video player\" src=\"https:\/\/www.youtube.com\/embed\/PiOZTCSlm_4\" width=\"560\" height=\"315\" frameborder=\"0\" allowfullscreen=\"allowfullscreen\"><\/iframe><\/p>\n<p>Con construir una grua de paper (papirol\u00e8xia):<\/p>\n<p><iframe loading=\"lazy\" title=\"YouTube video player\" src=\"https:\/\/www.youtube.com\/embed\/qUJhP1JRa4E\" width=\"560\" height=\"315\" frameborder=\"0\" allowfullscreen=\"allowfullscreen\"><\/iframe><\/p>\n<ul>\n<li><a href=\"https:\/\/photos.app.goo.gl\/3nQPg4PmnhHiUddu5\">ENLLA\u00c7 A LES FOTOGRAFIES<\/a><\/li>\n<\/ul>\n","protected":false},"excerpt":{"rendered":"<p>Amb motiu del dia de la Pau que es va celebrar el dia 30 de gener, a l\u2019escola hem treballat la hist\u00f2ria de la Sadako.<br \/>\nLa Sasaaki Sadako tan sols tenia 2 anys quan l&#8217;ex\u00e8rcit dels Estats Units va llen\u00e7ar la bomba at\u00f2mica d&#8217;Hiroshima, el 6&hellip;  <a href=\"https:\/\/agora.xtec.cat\/escolamestralvilanova\/general\/dia-de-la-pau-2\/\" title=\"Read DIA DE LA PAU\">Llegeix m\u00e9s\u00bb<\/a><\/p>\n","protected":false},"author":1,"featured_media":0,"comment_status":"open","ping_status":"closed","sticky":false,"template":"","format":"standard","meta":{"_bbp_topic_count":0,"_bbp_reply_count":0,"_bbp_total_topic_count":0,"_bbp_total_reply_count":0,"_bbp_voice_count":0,"_bbp_anonymous_reply_count":0,"_bbp_topic_count_hidden":0,"_bbp_reply_count_hidden":0,"_bbp_forum_subforum_count":0,"footnotes":""},"categories":[1,4],"tags":[],"class_list":["post-6470","post","type-post","status-publish","format-standard","hentry","category-general","category-portada"],"post_mailing_queue_ids":[],"_links":{"self":[{"href":"https:\/\/agora.xtec.cat\/escolamestralvilanova\/wp-json\/wp\/v2\/posts\/6470","targetHints":{"allow":["GET"]}}],"collection":[{"href":"https:\/\/agora.xtec.cat\/escolamestralvilanova\/wp-json\/wp\/v2\/posts"}],"about":[{"href":"https:\/\/agora.xtec.cat\/escolamestralvilanova\/wp-json\/wp\/v2\/types\/post"}],"author":[{"embeddable":true,"href":"https:\/\/agora.xtec.cat\/escolamestralvilanova\/wp-json\/wp\/v2\/users\/1"}],"replies":[{"embeddable":true,"href":"https:\/\/agora.xtec.cat\/escolamestralvilanova\/wp-json\/wp\/v2\/comments?post=6470"}],"version-history":[{"count":2,"href":"https:\/\/agora.xtec.cat\/escolamestralvilanova\/wp-json\/wp\/v2\/posts\/6470\/revisions"}],"predecessor-version":[{"id":6472,"href":"https:\/\/agora.xtec.cat\/escolamestralvilanova\/wp-json\/wp\/v2\/posts\/6470\/revisions\/6472"}],"wp:attachment":[{"href":"https:\/\/agora.xtec.cat\/escolamestralvilanova\/wp-json\/wp\/v2\/media?parent=6470"}],"wp:term":[{"taxonomy":"category","embeddable":true,"href":"https:\/\/agora.xtec.cat\/escolamestralvilanova\/wp-json\/wp\/v2\/categories?post=6470"},{"taxonomy":"post_tag","embeddable":true,"href":"https:\/\/agora.xtec.cat\/escolamestralvilanova\/wp-json\/wp\/v2\/tags?post=6470"}],"curies":[{"name":"wp","href":"https:\/\/api.w.org\/{rel}","templated":true}]}}