{"id":6464,"date":"2022-02-08T09:25:40","date_gmt":"2022-02-08T08:25:40","guid":{"rendered":"https:\/\/agora.xtec.cat\/escolamestralvilanova\/?p=6464"},"modified":"2022-02-08T09:26:43","modified_gmt":"2022-02-08T08:26:43","slug":"col%c2%b7laboracio-afanoc-posat-la-gorra","status":"publish","type":"post","link":"https:\/\/agora.xtec.cat\/escolamestralvilanova\/portada\/col%c2%b7laboracio-afanoc-posat-la-gorra\/","title":{"rendered":"COL\u00b7LABORACI\u00d3 AFANOC &#8220;POSA&#8217;T LA GORRA&#8221;"},"content":{"rendered":"<p style=\"text-align: justify;\">Com cada any, l&#8217;escola col\u00b7labora amb l&#8217;AFANOC\u00a0 en la novena edici\u00f3 del <b>&#8216;Posa&#8217;t la Gorra!&#8217; de Lleida<\/b><\/p>\n<p style=\"text-align: justify;\">Malgrat que la situaci\u00f3 actual encara \u00e9s molt complicada, des de <b>l&#8217;AFANOC Lleida<\/b> (Associaci\u00f3 de Nens amb C\u00e0ncer de Catalunya) volem veure la llum al final del t\u00fanel i tenim m\u00e9s ganes que mai de poder-nos <b>retrobar amb tots vosaltres en la nostra festa m\u00e9s especial i solid\u00e0ria.<\/b><\/p>\n<p style=\"text-align: justify;\">No obstant aix\u00f2, donada l&#8217;evoluci\u00f3 de la pand\u00e8mia, hem decidit ajornar-la un mes per poder-la celebrar amb tota la seguretat possible per als nostres assistents. Finalment,\u00a0<strong>la data ser\u00e0 el 27 de mar\u00e7 i de nou a la Seu Vella!<\/strong><\/p>\n<p style=\"text-align: justify;\"><img loading=\"lazy\" decoding=\"async\" class=\"alignnone wp-image-6465\" src=\"https:\/\/agora.xtec.cat\/escolamestralvilanova\/wp-content\/uploads\/usu729\/2022\/02\/unnamed-1-300x150.jpg\" alt=\"\" width=\"368\" height=\"184\" srcset=\"https:\/\/agora.xtec.cat\/escolamestralvilanova\/wp-content\/uploads\/usu729\/2022\/02\/unnamed-1-300x150.jpg 300w, https:\/\/agora.xtec.cat\/escolamestralvilanova\/wp-content\/uploads\/usu729\/2022\/02\/unnamed-1-1024x511.jpg 1024w, https:\/\/agora.xtec.cat\/escolamestralvilanova\/wp-content\/uploads\/usu729\/2022\/02\/unnamed-1-768x383.jpg 768w, https:\/\/agora.xtec.cat\/escolamestralvilanova\/wp-content\/uploads\/usu729\/2022\/02\/unnamed-1-1536x767.jpg 1536w, https:\/\/agora.xtec.cat\/escolamestralvilanova\/wp-content\/uploads\/usu729\/2022\/02\/unnamed-1-2048x1022.jpg 2048w\" sizes=\"auto, (max-width: 368px) 100vw, 368px\" \/><\/p>\n<p style=\"text-align: justify;\">En aquesta ocasi\u00f3,\u00a0<strong>la festa estar\u00e0 dedicada a commemorar els\u00a010 anys de la Casa dels Xuklis,<\/strong>\u00a0el recurs temporal a Barcelona que oferim a les fam\u00edlies que s&#8217;han de despla\u00e7ar per rebre tractament als hospitals de refer\u00e8ncia i que en tot aquest temps ha realitzat m\u00e9s 2.000 acolliments.<\/p>\n<p style=\"text-align: justify;\"><img loading=\"lazy\" decoding=\"async\" class=\"alignnone  wp-image-6467\" src=\"https:\/\/agora.xtec.cat\/escolamestralvilanova\/wp-content\/uploads\/usu729\/2022\/02\/unnamed-2-300x125.jpg\" alt=\"\" width=\"367\" height=\"153\" srcset=\"https:\/\/agora.xtec.cat\/escolamestralvilanova\/wp-content\/uploads\/usu729\/2022\/02\/unnamed-2-300x125.jpg 300w, https:\/\/agora.xtec.cat\/escolamestralvilanova\/wp-content\/uploads\/usu729\/2022\/02\/unnamed-2.jpg 640w\" sizes=\"auto, (max-width: 367px) 100vw, 367px\" \/><\/p>\n<p style=\"text-align: justify;\">La gorra tornar\u00e0 a ser la protagonista i enguany ha estat\u00a0<strong>dissenyada per l&#8217;artista japonesa Mari Ito<\/strong>, autora tamb\u00e9 del mur que dona la benvinguda a les fam\u00edlies quan arriben a la Casa dels Xuklis. Es tracta d&#8217;una gorra exclusiva i d&#8217;edici\u00f3 molt limitada, motiu pel qual\u00a0<strong>aquest any nom\u00e9s disposem d&#8217;una talla \u00fanica<\/strong>, amb un velcro que permet ajustar-ne la mida.<\/p>\n<p style=\"text-align: justify;\">Recordeu!\u00a0<strong>Per accedir a la festa cal la gorra a partir dels 3 anys!<\/strong><\/p>\n<p style=\"text-align: justify;\"><strong>\u00a0<\/strong><strong>Podem col\u00b7laborar comprant la gorra, que t\u00e9 un cost de 8\u20ac i est\u00e0 dissenyada per l\u2019artista japonesa MARI ITO.<\/strong><\/p>\n<p style=\"text-align: justify;\"><strong>\u00a0<\/strong><strong>Per tal de comprar la gorra, a partir de dem\u00e0 es podran comprar directament a l&#8217;escola portant l&#8217;import exacte<\/strong><\/p>\n","protected":false},"excerpt":{"rendered":"<p>Com cada any, l&#8217;escola col\u00b7labora amb l&#8217;AFANOC\u00a0 en la novena edici\u00f3 del &#8216;Posa&#8217;t la Gorra!&#8217; de Lleida<br \/>\nMalgrat que la situaci\u00f3 actual encara \u00e9s molt complicada, des de l&#8217;AFANOC Lleida (Associaci\u00f3 de Nens amb C\u00e0ncer de Catalunya) volem veure la llum al final del t\u00fanel i&hellip;  <a href=\"https:\/\/agora.xtec.cat\/escolamestralvilanova\/portada\/col%c2%b7laboracio-afanoc-posat-la-gorra\/\" title=\"Read COL\u00b7LABORACI\u00d3 AFANOC &#8220;POSA&#8217;T LA GORRA&#8221;\">Llegeix m\u00e9s\u00bb<\/a><\/p>\n","protected":false},"author":1,"featured_media":0,"comment_status":"open","ping_status":"closed","sticky":false,"template":"","format":"standard","meta":{"_bbp_topic_count":0,"_bbp_reply_count":0,"_bbp_total_topic_count":0,"_bbp_total_reply_count":0,"_bbp_voice_count":0,"_bbp_anonymous_reply_count":0,"_bbp_topic_count_hidden":0,"_bbp_reply_count_hidden":0,"_bbp_forum_subforum_count":0,"footnotes":""},"categories":[4],"tags":[],"class_list":["post-6464","post","type-post","status-publish","format-standard","hentry","category-portada"],"post_mailing_queue_ids":[],"_links":{"self":[{"href":"https:\/\/agora.xtec.cat\/escolamestralvilanova\/wp-json\/wp\/v2\/posts\/6464","targetHints":{"allow":["GET"]}}],"collection":[{"href":"https:\/\/agora.xtec.cat\/escolamestralvilanova\/wp-json\/wp\/v2\/posts"}],"about":[{"href":"https:\/\/agora.xtec.cat\/escolamestralvilanova\/wp-json\/wp\/v2\/types\/post"}],"author":[{"embeddable":true,"href":"https:\/\/agora.xtec.cat\/escolamestralvilanova\/wp-json\/wp\/v2\/users\/1"}],"replies":[{"embeddable":true,"href":"https:\/\/agora.xtec.cat\/escolamestralvilanova\/wp-json\/wp\/v2\/comments?post=6464"}],"version-history":[{"count":2,"href":"https:\/\/agora.xtec.cat\/escolamestralvilanova\/wp-json\/wp\/v2\/posts\/6464\/revisions"}],"predecessor-version":[{"id":6469,"href":"https:\/\/agora.xtec.cat\/escolamestralvilanova\/wp-json\/wp\/v2\/posts\/6464\/revisions\/6469"}],"wp:attachment":[{"href":"https:\/\/agora.xtec.cat\/escolamestralvilanova\/wp-json\/wp\/v2\/media?parent=6464"}],"wp:term":[{"taxonomy":"category","embeddable":true,"href":"https:\/\/agora.xtec.cat\/escolamestralvilanova\/wp-json\/wp\/v2\/categories?post=6464"},{"taxonomy":"post_tag","embeddable":true,"href":"https:\/\/agora.xtec.cat\/escolamestralvilanova\/wp-json\/wp\/v2\/tags?post=6464"}],"curies":[{"name":"wp","href":"https:\/\/api.w.org\/{rel}","templated":true}]}}