{"id":6461,"date":"2022-02-07T16:47:42","date_gmt":"2022-02-07T15:47:42","guid":{"rendered":"https:\/\/agora.xtec.cat\/escolamestralvilanova\/?p=6461"},"modified":"2022-02-07T16:47:48","modified_gmt":"2022-02-07T15:47:48","slug":"aniversari-maria","status":"publish","type":"post","link":"https:\/\/agora.xtec.cat\/escolamestralvilanova\/infantil\/aniversari-maria\/","title":{"rendered":"ANIVERSARI MARIA"},"content":{"rendered":"<p>Avui hem celebrat el primer anyet de la Maria! Hem menjat coca alhora que li cant\u00e0vem la can\u00e7\u00f3 d&#8217;aniversari!<br \/>\nTamb\u00e9 ho hem celebrat a l&#8217;estil Montessori, fent una volta al sol amb la pilota de la Terra !\u00a0<img decoding=\"async\" class=\"an1\" src=\"https:\/\/fonts.gstatic.com\/s\/e\/notoemoji\/14.0\/2600_fe0f\/32.png\" alt=\"\u2600\ufe0f\" data-emoji=\"\u2600\ufe0f\" aria-label=\"\u2600\ufe0f\" \/><\/p>\n<p>I, a m\u00e9s, li hem pintat una pedreta com a regal, li hem fet una corona i hem jugat amb globus i confeti!<br \/>\nPer molts anys Maria i gr\u00e0cies per la coca!!\u00a0<img decoding=\"async\" class=\"an1\" src=\"https:\/\/fonts.gstatic.com\/s\/e\/notoemoji\/14.0\/1f973\/32.png\" alt=\"\ud83e\udd73\" data-emoji=\"\ud83e\udd73\" aria-label=\"\ud83e\udd73\" \/><\/p>\n<ul>\n<li><a href=\"https:\/\/photos.app.goo.gl\/6furfYzEbzVCK3bA6\">ENLLA\u00c7 A LES FOTOGRAFIES<\/a><\/li>\n<\/ul>\n<p><a href=\"https:\/\/photos.app.goo.gl\/6furfYzEbzVCK3bA6\"><img loading=\"lazy\" decoding=\"async\" class=\"alignnone size-medium wp-image-6462\" src=\"https:\/\/agora.xtec.cat\/escolamestralvilanova\/wp-content\/uploads\/usu729\/2022\/02\/PHOTO-2022-02-07-14-22-16-228x300.jpg\" alt=\"\" width=\"228\" height=\"300\" srcset=\"https:\/\/agora.xtec.cat\/escolamestralvilanova\/wp-content\/uploads\/usu729\/2022\/02\/PHOTO-2022-02-07-14-22-16-228x300.jpg 228w, https:\/\/agora.xtec.cat\/escolamestralvilanova\/wp-content\/uploads\/usu729\/2022\/02\/PHOTO-2022-02-07-14-22-16-778x1024.jpg 778w, https:\/\/agora.xtec.cat\/escolamestralvilanova\/wp-content\/uploads\/usu729\/2022\/02\/PHOTO-2022-02-07-14-22-16-768x1011.jpg 768w, https:\/\/agora.xtec.cat\/escolamestralvilanova\/wp-content\/uploads\/usu729\/2022\/02\/PHOTO-2022-02-07-14-22-16.jpg 1134w\" sizes=\"auto, (max-width: 228px) 100vw, 228px\" \/><\/a><\/p>\n","protected":false},"excerpt":{"rendered":"<p>Avui hem celebrat el primer anyet de la Maria! Hem menjat coca alhora que li cant\u00e0vem la can\u00e7\u00f3 d&#8217;aniversari!<br \/>\nTamb\u00e9 ho hem celebrat a l&#8217;estil Montessori, fent una volta al sol amb la pilota de la Terra !\u00a0<br \/>\nI, a m\u00e9s, li hem pintat una pedreta com&hellip;  <a href=\"https:\/\/agora.xtec.cat\/escolamestralvilanova\/infantil\/aniversari-maria\/\" title=\"Read ANIVERSARI MARIA\">Llegeix m\u00e9s\u00bb<\/a><\/p>\n","protected":false},"author":1,"featured_media":0,"comment_status":"open","ping_status":"closed","sticky":false,"template":"","format":"standard","meta":{"_bbp_topic_count":0,"_bbp_reply_count":0,"_bbp_total_topic_count":0,"_bbp_total_reply_count":0,"_bbp_voice_count":0,"_bbp_anonymous_reply_count":0,"_bbp_topic_count_hidden":0,"_bbp_reply_count_hidden":0,"_bbp_forum_subforum_count":0,"footnotes":""},"categories":[14,2,4],"tags":[],"class_list":["post-6461","post","type-post","status-publish","format-standard","hentry","category-ei1-ei2","category-infantil","category-portada"],"post_mailing_queue_ids":[],"_links":{"self":[{"href":"https:\/\/agora.xtec.cat\/escolamestralvilanova\/wp-json\/wp\/v2\/posts\/6461","targetHints":{"allow":["GET"]}}],"collection":[{"href":"https:\/\/agora.xtec.cat\/escolamestralvilanova\/wp-json\/wp\/v2\/posts"}],"about":[{"href":"https:\/\/agora.xtec.cat\/escolamestralvilanova\/wp-json\/wp\/v2\/types\/post"}],"author":[{"embeddable":true,"href":"https:\/\/agora.xtec.cat\/escolamestralvilanova\/wp-json\/wp\/v2\/users\/1"}],"replies":[{"embeddable":true,"href":"https:\/\/agora.xtec.cat\/escolamestralvilanova\/wp-json\/wp\/v2\/comments?post=6461"}],"version-history":[{"count":1,"href":"https:\/\/agora.xtec.cat\/escolamestralvilanova\/wp-json\/wp\/v2\/posts\/6461\/revisions"}],"predecessor-version":[{"id":6463,"href":"https:\/\/agora.xtec.cat\/escolamestralvilanova\/wp-json\/wp\/v2\/posts\/6461\/revisions\/6463"}],"wp:attachment":[{"href":"https:\/\/agora.xtec.cat\/escolamestralvilanova\/wp-json\/wp\/v2\/media?parent=6461"}],"wp:term":[{"taxonomy":"category","embeddable":true,"href":"https:\/\/agora.xtec.cat\/escolamestralvilanova\/wp-json\/wp\/v2\/categories?post=6461"},{"taxonomy":"post_tag","embeddable":true,"href":"https:\/\/agora.xtec.cat\/escolamestralvilanova\/wp-json\/wp\/v2\/tags?post=6461"}],"curies":[{"name":"wp","href":"https:\/\/api.w.org\/{rel}","templated":true}]}}