{"id":6421,"date":"2022-01-28T16:42:50","date_gmt":"2022-01-28T15:42:50","guid":{"rendered":"https:\/\/agora.xtec.cat\/escolamestralvilanova\/?p=6421"},"modified":"2022-01-28T16:42:54","modified_gmt":"2022-01-28T15:42:54","slug":"vincles-pau","status":"publish","type":"post","link":"https:\/\/agora.xtec.cat\/escolamestralvilanova\/infantil\/ei3-ei4-ei5\/vincles-pau\/","title":{"rendered":"VINCLES, Pau"},"content":{"rendered":"<p dir=\"auto\" style=\"text-align: justify;\">El protagonista d&#8217;aquesta setmana ha estat el Pau.<\/p>\n<p dir=\"auto\" style=\"text-align: justify;\">A trav\u00e9s de les diferents fotos hem conegut una mica m\u00e9s dels seus tres anys de vida: el seu naixement per Nadal, els seu cos\u00ed i germ\u00e0, els aniveraris.. i tamb\u00e9 ens ha portat un \u00e0lbum de quan anava a l&#8217;escoleta!<\/p>\n<p dir=\"auto\" style=\"text-align: justify;\">Ens hem pogut anar trobant gaireb\u00e9 tots i totes i hem parlat de com hem canviat i com ens fem grans.<\/p>\n<ul>\n<li dir=\"auto\"><a href=\"https:\/\/photos.app.goo.gl\/khVHe6x1xh1n3cqE7\">ENLLA\u00c7 A LES FOTOGRAFIES<\/a><\/li>\n<\/ul>\n<p><img loading=\"lazy\" decoding=\"async\" class=\"alignnone wp-image-6422 size-medium\" src=\"https:\/\/agora.xtec.cat\/escolamestralvilanova\/wp-content\/uploads\/usu729\/2022\/01\/20220126_095344-rotated-e1643384553326-225x300.jpg\" alt=\"\" width=\"225\" height=\"300\" srcset=\"https:\/\/agora.xtec.cat\/escolamestralvilanova\/wp-content\/uploads\/usu729\/2022\/01\/20220126_095344-rotated-e1643384553326-225x300.jpg 225w, https:\/\/agora.xtec.cat\/escolamestralvilanova\/wp-content\/uploads\/usu729\/2022\/01\/20220126_095344-rotated-e1643384553326.jpg 480w\" sizes=\"auto, (max-width: 225px) 100vw, 225px\" \/><\/p>\n<div dir=\"auto\">\n<div class=\"yj6qo\"><\/div>\n<div class=\"adL\"><\/div>\n<\/div>\n","protected":false},"excerpt":{"rendered":"<p>El protagonista d&#8217;aquesta setmana ha estat el Pau.<br \/>\nA trav\u00e9s de les diferents fotos hem conegut una mica m\u00e9s dels seus tres anys de vida: el seu naixement per Nadal, els seu cos\u00ed i germ\u00e0, els aniveraris.. i tamb\u00e9 ens ha portat un \u00e0lbum de quan&hellip;  <a href=\"https:\/\/agora.xtec.cat\/escolamestralvilanova\/infantil\/ei3-ei4-ei5\/vincles-pau\/\" title=\"Read VINCLES, Pau\">Llegeix m\u00e9s\u00bb<\/a><\/p>\n","protected":false},"author":1,"featured_media":0,"comment_status":"open","ping_status":"closed","sticky":false,"template":"","format":"standard","meta":{"_bbp_topic_count":0,"_bbp_reply_count":0,"_bbp_total_topic_count":0,"_bbp_total_reply_count":0,"_bbp_voice_count":0,"_bbp_anonymous_reply_count":0,"_bbp_topic_count_hidden":0,"_bbp_reply_count_hidden":0,"_bbp_forum_subforum_count":0,"footnotes":""},"categories":[3,8,4],"tags":[],"class_list":["post-6421","post","type-post","status-publish","format-standard","hentry","category-ei3-ei4-ei5","category-ei4","category-portada"],"post_mailing_queue_ids":[],"_links":{"self":[{"href":"https:\/\/agora.xtec.cat\/escolamestralvilanova\/wp-json\/wp\/v2\/posts\/6421","targetHints":{"allow":["GET"]}}],"collection":[{"href":"https:\/\/agora.xtec.cat\/escolamestralvilanova\/wp-json\/wp\/v2\/posts"}],"about":[{"href":"https:\/\/agora.xtec.cat\/escolamestralvilanova\/wp-json\/wp\/v2\/types\/post"}],"author":[{"embeddable":true,"href":"https:\/\/agora.xtec.cat\/escolamestralvilanova\/wp-json\/wp\/v2\/users\/1"}],"replies":[{"embeddable":true,"href":"https:\/\/agora.xtec.cat\/escolamestralvilanova\/wp-json\/wp\/v2\/comments?post=6421"}],"version-history":[{"count":1,"href":"https:\/\/agora.xtec.cat\/escolamestralvilanova\/wp-json\/wp\/v2\/posts\/6421\/revisions"}],"predecessor-version":[{"id":6423,"href":"https:\/\/agora.xtec.cat\/escolamestralvilanova\/wp-json\/wp\/v2\/posts\/6421\/revisions\/6423"}],"wp:attachment":[{"href":"https:\/\/agora.xtec.cat\/escolamestralvilanova\/wp-json\/wp\/v2\/media?parent=6421"}],"wp:term":[{"taxonomy":"category","embeddable":true,"href":"https:\/\/agora.xtec.cat\/escolamestralvilanova\/wp-json\/wp\/v2\/categories?post=6421"},{"taxonomy":"post_tag","embeddable":true,"href":"https:\/\/agora.xtec.cat\/escolamestralvilanova\/wp-json\/wp\/v2\/tags?post=6421"}],"curies":[{"name":"wp","href":"https:\/\/api.w.org\/{rel}","templated":true}]}}