{"id":6415,"date":"2022-01-28T13:01:14","date_gmt":"2022-01-28T12:01:14","guid":{"rendered":"https:\/\/agora.xtec.cat\/escolamestralvilanova\/?p=6415"},"modified":"2022-01-28T13:01:37","modified_gmt":"2022-01-28T12:01:37","slug":"quatre-petites-cantonades-de-no-res","status":"publish","type":"post","link":"https:\/\/agora.xtec.cat\/escolamestralvilanova\/infantil\/ei3-ei4-ei5\/quatre-petites-cantonades-de-no-res\/","title":{"rendered":"QUATRE PETITES CANTONADES DE NO RES"},"content":{"rendered":"<p dir=\"ltr\" style=\"text-align: justify;\">Avui els nens de EI3 i EI4 hem treballat el conte\u00a0<i>Quatre petites cantonades de no res.\u00a0<\/i><\/p>\n<div dir=\"ltr\">\n<p style=\"text-align: justify;\">Al quadrat li agrada\u00a0jugar amb els seus amics rodons, per\u00f2 no pot entrar a casa seva, perqu\u00e8 la porta \u00e9s rodona! El quadrat \u00e9s diferent i mai no ser\u00e0 rod\u00f3&#8230; Com ho farem?<\/p>\n<p style=\"text-align: justify;\">A trav\u00e9s del conte hem encetat una conversa on els infants han exposat el seu punt de vista i han realitzat hip\u00f2tesis sobre possibles solucions. Al final entre tots i totes hem decidit que no podem tallar-li les cantonades al quadrat perqu\u00e8 aix\u00f2 li faria massa mal i perqu\u00e8 cadasc\u00fa \u00e9s diferent. Aix\u00ed que hem decidit que no \u00e9s\u00a0el quadrat el que ha de canviar&#8230;\u00e9s la porta!<\/p>\n<p style=\"text-align: justify;\">Hem representat el conte amb una casa de cartr\u00f3 i hem tallat quatre cantonades perqu\u00e8 tamb\u00e9 pogu\u00e9s entrar el quadrat. Despr\u00e9s cada nen i nena ha escollit si volia ser cercle o quadrat i hem apr\u00e8s que tothom \u00e9s diferent i que aquestes difer\u00e8ncies ens enriqueixen.<\/p>\n<p style=\"text-align: justify;\">Amb aquest conte es tracten molt\u00edssims temes importants d&#8217;una forma senzilla i clara com la toler\u00e0ncia, el respecte, la cooperaci\u00f3, la inclusi\u00f3&#8230;<\/p>\n<p style=\"text-align: justify;\">ENS HA ENCANTAT!<\/p>\n<ul>\n<li><a href=\"https:\/\/photos.app.goo.gl\/JbkBxVzqEwj1YeFx9\">ENLLA\u00c7 A LES FOTOGRAFIES<\/a><\/li>\n<\/ul>\n<p><a href=\"https:\/\/photos.app.goo.gl\/JbkBxVzqEwj1YeFx9\"><img loading=\"lazy\" decoding=\"async\" class=\"alignnone size-medium wp-image-6416\" src=\"https:\/\/agora.xtec.cat\/escolamestralvilanova\/wp-content\/uploads\/usu729\/2022\/01\/IMG_20220128_094206-300x225.jpg\" alt=\"\" width=\"300\" height=\"225\" srcset=\"https:\/\/agora.xtec.cat\/escolamestralvilanova\/wp-content\/uploads\/usu729\/2022\/01\/IMG_20220128_094206-300x225.jpg 300w, https:\/\/agora.xtec.cat\/escolamestralvilanova\/wp-content\/uploads\/usu729\/2022\/01\/IMG_20220128_094206-200x150.jpg 200w, https:\/\/agora.xtec.cat\/escolamestralvilanova\/wp-content\/uploads\/usu729\/2022\/01\/IMG_20220128_094206.jpg 640w\" sizes=\"auto, (max-width: 300px) 100vw, 300px\" \/><\/a><\/p>\n<div><\/div>\n<\/div>\n","protected":false},"excerpt":{"rendered":"<p>Avui els nens de EI3 i EI4 hem treballat el conte\u00a0Quatre petites cantonades de no res.\u00a0<\/p>\n<p>Al quadrat li agrada\u00a0jugar amb els seus amics rodons, per\u00f2 no pot entrar a casa seva, perqu\u00e8 la porta \u00e9s rodona! El quadrat \u00e9s diferent i mai no ser\u00e0 rod\u00f3&#8230;&hellip;  <a href=\"https:\/\/agora.xtec.cat\/escolamestralvilanova\/infantil\/ei3-ei4-ei5\/quatre-petites-cantonades-de-no-res\/\" title=\"Read QUATRE PETITES CANTONADES DE NO RES\">Llegeix m\u00e9s\u00bb<\/a><\/p>\n","protected":false},"author":1,"featured_media":0,"comment_status":"open","ping_status":"closed","sticky":false,"template":"","format":"standard","meta":{"_bbp_topic_count":0,"_bbp_reply_count":0,"_bbp_total_topic_count":0,"_bbp_total_reply_count":0,"_bbp_voice_count":0,"_bbp_anonymous_reply_count":0,"_bbp_topic_count_hidden":0,"_bbp_reply_count_hidden":0,"_bbp_forum_subforum_count":0,"footnotes":""},"categories":[3,8,4],"tags":[],"class_list":["post-6415","post","type-post","status-publish","format-standard","hentry","category-ei3-ei4-ei5","category-ei4","category-portada"],"post_mailing_queue_ids":[],"_links":{"self":[{"href":"https:\/\/agora.xtec.cat\/escolamestralvilanova\/wp-json\/wp\/v2\/posts\/6415","targetHints":{"allow":["GET"]}}],"collection":[{"href":"https:\/\/agora.xtec.cat\/escolamestralvilanova\/wp-json\/wp\/v2\/posts"}],"about":[{"href":"https:\/\/agora.xtec.cat\/escolamestralvilanova\/wp-json\/wp\/v2\/types\/post"}],"author":[{"embeddable":true,"href":"https:\/\/agora.xtec.cat\/escolamestralvilanova\/wp-json\/wp\/v2\/users\/1"}],"replies":[{"embeddable":true,"href":"https:\/\/agora.xtec.cat\/escolamestralvilanova\/wp-json\/wp\/v2\/comments?post=6415"}],"version-history":[{"count":2,"href":"https:\/\/agora.xtec.cat\/escolamestralvilanova\/wp-json\/wp\/v2\/posts\/6415\/revisions"}],"predecessor-version":[{"id":6418,"href":"https:\/\/agora.xtec.cat\/escolamestralvilanova\/wp-json\/wp\/v2\/posts\/6415\/revisions\/6418"}],"wp:attachment":[{"href":"https:\/\/agora.xtec.cat\/escolamestralvilanova\/wp-json\/wp\/v2\/media?parent=6415"}],"wp:term":[{"taxonomy":"category","embeddable":true,"href":"https:\/\/agora.xtec.cat\/escolamestralvilanova\/wp-json\/wp\/v2\/categories?post=6415"},{"taxonomy":"post_tag","embeddable":true,"href":"https:\/\/agora.xtec.cat\/escolamestralvilanova\/wp-json\/wp\/v2\/tags?post=6415"}],"curies":[{"name":"wp","href":"https:\/\/api.w.org\/{rel}","templated":true}]}}